{"id":2877,"date":"2017-05-14T21:47:14","date_gmt":"2017-05-15T01:47:14","guid":{"rendered":"http:\/\/gobierno.udd.cl\/cpp\/?p=2877"},"modified":"2017-05-14T21:47:42","modified_gmt":"2017-05-15T01:47:42","slug":"simce-instituto-nacional-mejora-pero-queda-fuera-de-los-100-mejores-la-tercera","status":"publish","type":"post","link":"https:\/\/gobierno.udd.cl\/cpp\/noticias\/2017\/05\/14\/simce-instituto-nacional-mejora-pero-queda-fuera-de-los-100-mejores-la-tercera\/","title":{"rendered":"Simce: Instituto Nacional mejora, pero queda fuera de los 100 mejores &#8211; La Tercera"},"content":{"rendered":"<p style=\"text-align: justify;\">El Ins\u00adti\u00adtu\u00adto Na\u00adcio\u00adnal no al\u00adcan\u00adz\u00f3 a en\u00adtrar en la lis\u00adta de los 100 me\u00adjo\u00adres pun\u00adta\u00adjes del Sim\u00adce 2016 de se\u00adgun\u00addo me\u00addio, y se ubi\u00adc\u00f3 en el lu\u00adgar 119. As\u00ed lo re\u00adve\u00adl\u00f3 el an\u00e1\u00adli\u00adsis rea\u00adli\u00adza\u00addo por Mauricio Bra\u00advo y Mauricio Apa\u00adbla\u00adza, aca\u00add\u00e9\u00admi\u00adcos de la U. del Desa\u00adrro\u00adllo.<\/p>\n<p style=\"text-align: justify;\">La ac\u00adtual ubi\u00adca\u00adci\u00f3n en el ran\u00adking dis\u00adta de los re\u00adsul\u00adta\u00addos que al\u00adcan\u00adza\u00adba el re\u00adcin\u00adto ha\u00adce una d\u00e9\u00adca\u00adda, cuan\u00addo el Ins\u00adti\u00adtu\u00adto Na\u00adcio\u00adnal ocu\u00adpa\u00adba el pues\u00adto n\u00fa\u00adme\u00adro 15 en\u00adtre to\u00addos los co\u00adle\u00adgios del sis\u00adte\u00adma.<\/p>\n<p style=\"text-align: justify;\">Al con\u00adsi\u00adde\u00adrar s\u00f3\u00adlo re\u00adcin\u00adtos p\u00fa\u00adbli\u00adcos, el em\u00adble\u00adm\u00e1\u00adti\u00adco es\u00adta\u00adble\u00adci\u00admien\u00adto ocu\u00adp\u00f3 el no\u00adveno lu\u00adgar en el Sim\u00adce ren\u00addi\u00addo el a\u00f1o pa\u00adsa\u00addo, lo que re\u00adve\u00adla una me\u00adjo\u00adra res\u00adpec\u00adto de su re\u00adsul\u00adta\u00addo 2015, cuan\u00addo que\u00add\u00f3 en el pues\u00adto 44 en\u00adtre los li\u00adceos p\u00fa\u00adbli\u00adcos.<\/p>\n<p style=\"text-align: justify;\">Es\u00adte as\u00adcen\u00adso se ex\u00adpli\u00adca por un al\u00adza de 38 pun\u00adtos res\u00adpec\u00adto de su evaluaci\u00f3n an\u00adte\u00adrior en Lec\u00adtu\u00adra, y una de 22 pun\u00adtos en Ma\u00adte\u00adm\u00e1\u00adti\u00adca. Sin em\u00adbar\u00adgo, pe\u00adse a la me\u00adjo\u00adra, sus re\u00adsul\u00adta\u00addos lo ale\u00adjan del po\u00adsi\u00adcio\u00adna\u00admien\u00adto que tu\u00advo has\u00adta ha\u00adce al\u00adgu\u00adnos a\u00f1os: en el Sim\u00adce 2012 fue el se\u00adgun\u00addo co\u00adle\u00adgio mu\u00adni\u00adci\u00adpal con me\u00adjor pun\u00adta\u00adje.<\/p>\n<p style=\"text-align: justify;\">Por eso, para el al\u00adcal\u00adde Felipe Ales\u00adsan\u00addri (RN), es\u00adto de\u00admues\u00adtra \u201cuna dis\u00adpo\u00adsi\u00adci\u00f3n de los alum\u00adnos a me\u00adjo\u00adrar y a en\u00adten\u00adder que las prue\u00adbas es\u00adtan\u00adda\u00adri\u00adza\u00addas son im\u00adpor\u00adtan\u00adtes y no se pue\u00adden boi\u00adco\u00adtear\u201d. El edil se\u00ad\u00f1a\u00adl\u00f3 que una de sus me\u00adtas es lo\u00adgrar re\u00adpo\u00adsi\u00adcio\u00adnar, no s\u00f3\u00adlo al Ins\u00adti\u00adtu\u00adto Na\u00adcio\u00adnal en\u00adtre los me\u00adjo\u00adres, co\u00admo ha\u00adce una d\u00e9\u00adca\u00adda, sino a los 44 re\u00adcin\u00adtos de la co\u00admu\u00adna.<\/p>\n<p style=\"text-align: justify;\">Re\u00adsul\u00adta\u00addos<\/p>\n<p style=\"text-align: justify;\">El an\u00e1\u00adli\u00adsis de la UDD, ade\u00adm\u00e1s, arro\u00adj\u00f3 que el Co\u00adle\u00adgio Cam\u00adbrid\u00adge vol\u00advi\u00f3 a po\u00adsi\u00adcio\u00adnar\u00adse co\u00admo el me\u00adjor pun\u00adta\u00adje a ni\u00advel na\u00adcio\u00adnal y que, en\u00adtre los p\u00fa\u00adbli\u00adcos, el Li\u00adceo Au\u00adgus\u00adto D\u2019Hal\u00admar tam\u00adbi\u00e9n es nue\u00adva\u00admen\u00adte el pri\u00adme\u00adro.<br \/>\nMientras, en\u00adtre los re\u00adcin\u00adtos sub\u00adven\u00adcio\u00adna\u00addos li\u00adde\u00adra el Co\u00adle\u00adgio Aque\u00adla\u00adrre, de Teno, y en\u00adtre los co\u00adle\u00adgios vul\u00adne\u00adra\u00adbles des\u00adta\u00adca el desem\u00adpe\u00ad\u00f1o del Co\u00adle\u00adgio Po\u00adli\u00adva\u00adlen\u00adte Saint Or\u00adland, de Chi\u00adll\u00e1n, que con 303,5 pun\u00adtos pro\u00adme\u00addio ocu\u00adp\u00f3 el pri\u00admer lu\u00adgar en es\u00adte gru\u00adpo.<br \/>\nOtro que re\u00adsal\u00adta es el Cen\u00adtro Educativo Ma\u00adchu Pic\u00adchu, el que lo\u00adgr\u00f3 su\u00adbir 65 pun\u00adtos en Lec\u00adtu\u00adra en se\u00adgun\u00addo me\u00addio. Tam\u00adbi\u00e9n me\u00adjo\u00adr\u00f3 su pun\u00adta\u00adje en cuar\u00adto b\u00e1\u00adsi\u00adco: pa\u00ads\u00f3 de 249 pun\u00adtos en 2012 a 323 en 2016.<\/p>\n<p style=\"text-align: justify;\">Se\u00adg\u00fan Su\u00adsa\u00adna Ga\u00adjar\u00addo, je\u00adfa de la Uni\u00addad T\u00e9c\u00adni\u00adco Pe\u00adda\u00adg\u00f3\u00adgi\u00adca del co\u00adle\u00adgio -que atien\u00adde a 428 es\u00adtu\u00addian\u00adtes y es gra\u00adtui\u00adto-, su cla\u00adve son los pro\u00adfe\u00adso\u00adres: \u201cTe\u00adne\u00admos alum\u00adnos de es\u00adca\u00adsos re\u00adcur\u00adsos y el com\u00adpro\u00admi\u00adso de los do\u00adcen\u00adtes con ellos es ab\u00adso\u00adlu\u00adto. To\u00addo se abor\u00adda en cla\u00adses y se man\u00adda muy po\u00adca ta\u00adrea, por\u00adque si se les de\u00adja al\u00adgo para que lo ha\u00adgan en la ca\u00adsa, no lo hacen\u201d.<\/p>\n<p style=\"text-align: justify;\">El Li\u00adceo Bi\u00adcen\u00adte\u00adna\u00adrio Alejandro Al\u00adva\u00adrez Jo\u00adfr\u00e9, de Ova\u00adlle, es otro que des\u00adta\u00adca por su me\u00adjo\u00adra. Su director, Jo\u00ads\u00e9 Mauricio Ara\u00adya, se\u00ad\u00f1a\u00adla que el per\u00adfil del pro\u00adfe\u00adsor es una de las cla\u00adves m\u00e1s im\u00adpor\u00adtan\u00adtes. \u201cTie\u00adnen que te\u00adner al\u00adtas ex\u00adpec\u00adta\u00adti\u00advas de sus es\u00adtu\u00addian\u00adtes y de\u00adben es\u00adtar dis\u00adpues\u00adtos a bus\u00adcar nue\u00advas es\u00adtra\u00adte\u00adgias para que des\u00adpier\u00adten en los es\u00adtu\u00addian\u00adtes el de\u00adseo por apren\u00adder\u201d, di\u00adjo el di\u00adrec\u00adti\u00advo, quien re\u00admar\u00adc\u00f3 que a\u00f1o a a\u00f1o van ac\u00adtua\u00adli\u00adzan\u00addo sus es\u00adtra\u00adte\u00adgias, por\u00adque \u201clas ge\u00adne\u00adra\u00adcio\u00adnes van cam\u00adbian\u00addo\u201d.<\/p>\n<p style=\"text-align: justify;\"><a href=\"https:\/\/goo.gl\/9DA0RG\" target=\"_blank\"><img loading=\"lazy\" decoding=\"async\" class=\"aligncenter size-medium wp-image-2878\" src=\"http:\/\/gobierno.udd.cl\/cpp\/files\/2017\/05\/la_tercera20170512_4-202x300.png\" alt=\"la_tercera20170512_4\" width=\"202\" height=\"300\" srcset=\"https:\/\/gobierno.udd.cl\/cpp\/files\/2017\/05\/la_tercera20170512_4-202x300.png 202w, https:\/\/gobierno.udd.cl\/cpp\/files\/2017\/05\/la_tercera20170512_4-768x1143.png 768w, https:\/\/gobierno.udd.cl\/cpp\/files\/2017\/05\/la_tercera20170512_4-688x1024.png 688w, https:\/\/gobierno.udd.cl\/cpp\/files\/2017\/05\/la_tercera20170512_4-645x960.png 645w, https:\/\/gobierno.udd.cl\/cpp\/files\/2017\/05\/la_tercera20170512_4.png 1367w\" sizes=\"auto, (max-width: 202px) 100vw, 202px\" \/><\/a><\/p>\n","protected":false},"excerpt":{"rendered":"<p>El Ins\u00adti\u00adtu\u00adto Na\u00adcio\u00adnal no al\u00adcan\u00adz\u00f3 a en\u00adtrar en la lis\u00adta de los 100 me\u00adjo\u00adres pun\u00adta\u00adjes del Sim\u00adce 2016 de se\u00adgun\u00addo me\u00addio, y se ubi\u00adc\u00f3 en el lu\u00adgar 119. As\u00ed lo re\u00adve\u00adl\u00f3 el an\u00e1\u00adli\u00adsis rea\u00adli\u00adza\u00addo por Mauricio Bra\u00advo y Mauricio Apa\u00adbla\u00adza, aca\u00add\u00e9\u00admi\u00adcos de la U. del Desa\u00adrro\u00adllo. La ac\u00adtual ubi\u00adca\u00adci\u00f3n en el ran\u00adking dis\u00adta de los [&hellip;]<\/p>\n","protected":false},"author":22,"featured_media":893,"comment_status":"open","ping_status":"open","sticky":false,"template":"","format":"standard","meta":{"footnotes":""},"categories":[10162],"tags":[],"class_list":["post-2877","post","type-post","status-publish","format-standard","has-post-thumbnail","hentry","category-centro-en-la-prensa"],"featured_image_url":"https:\/\/gobierno.udd.cl\/cpp\/files\/2015\/05\/udd_cpp_prensa_340.png","_links":{"self":[{"href":"https:\/\/gobierno.udd.cl\/cpp\/wp-json\/wp\/v2\/posts\/2877","targetHints":{"allow":["GET"]}}],"collection":[{"href":"https:\/\/gobierno.udd.cl\/cpp\/wp-json\/wp\/v2\/posts"}],"about":[{"href":"https:\/\/gobierno.udd.cl\/cpp\/wp-json\/wp\/v2\/types\/post"}],"author":[{"embeddable":true,"href":"https:\/\/gobierno.udd.cl\/cpp\/wp-json\/wp\/v2\/users\/22"}],"replies":[{"embeddable":true,"href":"https:\/\/gobierno.udd.cl\/cpp\/wp-json\/wp\/v2\/comments?post=2877"}],"version-history":[{"count":2,"href":"https:\/\/gobierno.udd.cl\/cpp\/wp-json\/wp\/v2\/posts\/2877\/revisions"}],"predecessor-version":[{"id":2880,"href":"https:\/\/gobierno.udd.cl\/cpp\/wp-json\/wp\/v2\/posts\/2877\/revisions\/2880"}],"wp:featuredmedia":[{"embeddable":true,"href":"https:\/\/gobierno.udd.cl\/cpp\/wp-json\/wp\/v2\/media\/893"}],"wp:attachment":[{"href":"https:\/\/gobierno.udd.cl\/cpp\/wp-json\/wp\/v2\/media?parent=2877"}],"wp:term":[{"taxonomy":"category","embeddable":true,"href":"https:\/\/gobierno.udd.cl\/cpp\/wp-json\/wp\/v2\/categories?post=2877"},{"taxonomy":"post_tag","embeddable":true,"href":"https:\/\/gobierno.udd.cl\/cpp\/wp-json\/wp\/v2\/tags?post=2877"}],"curies":[{"name":"wp","href":"https:\/\/api.w.org\/{rel}","templated":true}]}}