{"id":2855,"date":"2017-04-20T23:07:57","date_gmt":"2017-04-21T02:07:57","guid":{"rendered":"http:\/\/gobierno.udd.cl\/cpp\/?p=2855"},"modified":"2017-04-20T23:08:08","modified_gmt":"2017-04-21T02:08:08","slug":"mayoria-cree-que-a-pinera-le-conviene-ir-a-primarias-la-segunda","status":"publish","type":"post","link":"https:\/\/gobierno.udd.cl\/cpp\/noticias\/2017\/04\/20\/mayoria-cree-que-a-pinera-le-conviene-ir-a-primarias-la-segunda\/","title":{"rendered":"Mayor\u00eda cree que a Pi\u00f1era le conviene ir a primarias &#8211; La Segunda"},"content":{"rendered":"<p style=\"text-align: justify;\">Tras la sugerencia de la UDI de bajar esos comicios preliminares y la apertura del ex ministro Andr\u00e9s Chadwick a revisar el escenario, personalidades opinan si hoy le conviene o le perjudica a Sebasti\u00e1n Pi\u00f1era someterse a esa elecci\u00f3n interna de Chile Vamos.<\/p>\n<p style=\"text-align: justify;\"><strong>Luc\u00eda Santa Cruz<\/strong><em><br \/>\nSer\u00eda muy injusto para los otros candidatos\u00bb<\/em><br \/>\n\u00abEl Presidente Pi\u00f1era tiene un compromiso con los otros candidatos de Chile Vamos de hacer una primaria. A veces no se puede actuar por c\u00e1lculo, sino que por los acuerdos concretados. Ser\u00eda muy injusto para los otros candidatos, y probablemente ir\u00edan a primera vuelta, lo que ser\u00eda m\u00e1s perjudicial para la candidatura de Pi\u00f1era\u00bb.<\/p>\n<p style=\"text-align: justify;\"><strong>Eugenio Guzm\u00e1n<\/strong><br \/>\n<em>\u00abPrimarias conllevan exceso de exposici\u00f3n\u00bb<\/em><br \/>\nSeg\u00fan el decano de la Facultad de Gobierno de la <span class=\"highlight\">U. del Desarrollo<\/span>, Eugenio Guzm\u00e1n, la participaci\u00f3n en una primaria le significar\u00eda m\u00e1s desventajas que beneficios. \u00abLe conviene una campa\u00f1a corta y con la menor exposici\u00f3n posible, y las primarias conllevan un exceso de exposici\u00f3n. Las primarias encienden resquemores y puede haber muchos afectados\u00bb.<\/p>\n<p style=\"text-align: justify;\"><strong>Luis Mayol<\/strong><br \/>\n<em>\u00abLe hacen bien a nuestro sector\u00bb<\/em><br \/>\n\u00abHoy d\u00eda hay aprobada primaria y se debe mantener, porque eso le hace bien a la democracia y a nuestro sector. S\u00e9 que la UDI est\u00e1 planteando un escenario que puede ser distinto, pero ese escenario hasta aqu\u00ed no ha cambiado. A Sebasti\u00e1n Pi\u00f1era le conviene la primaria, porque es una buena forma de exponer ideas, siempre que sea, naturalmente, dentro de las normas democr\u00e1ticas de respeto y caballerosidad\u00bb.<\/p>\n<p style=\"text-align: justify;\"><strong>Pablo Ort\u00fazar<\/strong><br \/>\n<em>\u00abNo le conviene para ganar, pero s\u00ed para gobernar\u00bb<\/em><br \/>\nEl antrop\u00f3logo cree que \u00abno le conviene para ganar la elecci\u00f3n, pero le conviene para ganar despu\u00e9s (cuando gobierne). Ah\u00ed va a tener que equilibrar esas dos cosas. No s\u00e9 de qu\u00e9 tanto le sirva ganar si despu\u00e9s no puede gobernar por falta de capital de legitimidad pol\u00edtica\u00bb. Ort\u00fazar cree que la oposici\u00f3n est\u00e1 \u00abexagerando\u00bb, ya que asumen que \u00absu adversario tiene tanta fuerza para darle vuelta la primaria\u00bb.<\/p>\n<p style=\"text-align: justify;\"><strong>Leonidas Montes<\/strong><br \/>\n<em>\u00abPrimarias fortalecen a Pi\u00f1era\u00bb<\/em><br \/>\n\u00abA Pi\u00f1era y a Chile Vamos les conviene que haya primarias, los fortalece, porque dan una sensaci\u00f3n de competencia y unidad. Es mucho mejor para Chile Vamos realizar primarias, aunque la Nueva Mayor\u00eda no las efect\u00fae, porque le dar\u00eda una estatura distinta ante la ciudadan\u00eda: la de una derecha m\u00e1s moderna y liberal que da el ejemplo a los partidos de gobierno, cuyo \u00fanico fin es apegarse al poder y a los cargos\u00bb.<\/p>\n<p style=\"text-align: justify;\"><strong>Hugo Eduardo Herrera <\/strong><br \/>\n<em>\u00abParte de la validaci\u00f3n de Pi\u00f1era est\u00e1 en que juegue en equipo\u00bb<\/em><br \/>\n\u00abEs fundamental que haya primarias. Parte de la validaci\u00f3n de Pi\u00f1era est\u00e1 en que logre formar parte de este juego en equipo, que se enfrente con ideas distintas, que se enfrente al debate y que proponga una visi\u00f3n de pa\u00eds y no s\u00f3lo una agenda de gesti\u00f3n\u00bb.<\/p>\n<p style=\"text-align: justify;\"><strong>Jaime Ma\u00f1alich<\/strong><br \/>\n<em>\u00abLas primarias no hacen sentido\u00bb<\/em><br \/>\nEl ex ministro de Salud de Pi\u00f1era dice que \u00ablas primarias de Chile Vamos no hacen sentido para el Presidente\u00bb. \u00abEst\u00e1 tan lejos de sus dos competidores que en la pr\u00e1ctica es un esfuerzo de los otros dos candidatos para mostrarse en la TV\u00bb. Y agreg\u00f3: \u00abSi no hay primarias en la NM, es insensato hacerlas, porque eso implica un riesgo enorme de que personas ajenas vayan a votar y distorsionen la votaci\u00f3n\u00bb.<\/p>\n<p style=\"text-align: justify;\"><strong>Daniel Mansuy<\/strong><br \/>\n<em>\u00abImportantes para la legitimidad\u00bb<\/em><br \/>\nEl acad\u00e9mico dice: \u00abEn la perspectiva de corto plazo no le conviene. Pero si hay una mirada un poco m\u00e1s estrat\u00e9gica de lo que quieren hacer a largo plazo, me parece imprescindible que las haya. Si hay algo de estrategia en ese comando, cuesti\u00f3n que dudo a estas alturas, deber\u00edan tener claro que unas primarias son muy importantes para la legitimidad y porque obligar\u00eda a explicitar su proyecto\u00bb<\/p>\n<p style=\"text-align: justify;\"><a href=\"https:\/\/goo.gl\/KhCrXZ\" target=\"_blank\"><img loading=\"lazy\" decoding=\"async\" class=\"aligncenter size-medium wp-image-2856\" src=\"http:\/\/gobierno.udd.cl\/cpp\/files\/2017\/04\/20170420_la_segunda_1-231x300.jpg\" alt=\"20170420_la_segunda_1\" width=\"231\" height=\"300\" srcset=\"https:\/\/gobierno.udd.cl\/cpp\/files\/2017\/04\/20170420_la_segunda_1-231x300.jpg 231w, https:\/\/gobierno.udd.cl\/cpp\/files\/2017\/04\/20170420_la_segunda_1-768x995.jpg 768w, https:\/\/gobierno.udd.cl\/cpp\/files\/2017\/04\/20170420_la_segunda_1-790x1024.jpg 790w, https:\/\/gobierno.udd.cl\/cpp\/files\/2017\/04\/20170420_la_segunda_1-741x960.jpg 741w, https:\/\/gobierno.udd.cl\/cpp\/files\/2017\/04\/20170420_la_segunda_1.jpg 1280w\" sizes=\"auto, (max-width: 231px) 100vw, 231px\" \/><\/a><\/p>\n","protected":false},"excerpt":{"rendered":"<p>Tras la sugerencia de la UDI de bajar esos comicios preliminares y la apertura del ex ministro Andr\u00e9s Chadwick a revisar el escenario, personalidades opinan si hoy le conviene o le perjudica a Sebasti\u00e1n Pi\u00f1era someterse a esa elecci\u00f3n interna de Chile Vamos. Luc\u00eda Santa Cruz Ser\u00eda muy injusto para los otros candidatos\u00bb \u00abEl Presidente [&hellip;]<\/p>\n","protected":false},"author":22,"featured_media":893,"comment_status":"open","ping_status":"open","sticky":false,"template":"","format":"standard","meta":{"footnotes":""},"categories":[12124],"tags":[],"class_list":["post-2855","post","type-post","status-publish","format-standard","has-post-thumbnail","hentry","category-panel-ciudadano"],"featured_image_url":"https:\/\/gobierno.udd.cl\/cpp\/files\/2015\/05\/udd_cpp_prensa_340.png","_links":{"self":[{"href":"https:\/\/gobierno.udd.cl\/cpp\/wp-json\/wp\/v2\/posts\/2855","targetHints":{"allow":["GET"]}}],"collection":[{"href":"https:\/\/gobierno.udd.cl\/cpp\/wp-json\/wp\/v2\/posts"}],"about":[{"href":"https:\/\/gobierno.udd.cl\/cpp\/wp-json\/wp\/v2\/types\/post"}],"author":[{"embeddable":true,"href":"https:\/\/gobierno.udd.cl\/cpp\/wp-json\/wp\/v2\/users\/22"}],"replies":[{"embeddable":true,"href":"https:\/\/gobierno.udd.cl\/cpp\/wp-json\/wp\/v2\/comments?post=2855"}],"version-history":[{"count":2,"href":"https:\/\/gobierno.udd.cl\/cpp\/wp-json\/wp\/v2\/posts\/2855\/revisions"}],"predecessor-version":[{"id":2858,"href":"https:\/\/gobierno.udd.cl\/cpp\/wp-json\/wp\/v2\/posts\/2855\/revisions\/2858"}],"wp:featuredmedia":[{"embeddable":true,"href":"https:\/\/gobierno.udd.cl\/cpp\/wp-json\/wp\/v2\/media\/893"}],"wp:attachment":[{"href":"https:\/\/gobierno.udd.cl\/cpp\/wp-json\/wp\/v2\/media?parent=2855"}],"wp:term":[{"taxonomy":"category","embeddable":true,"href":"https:\/\/gobierno.udd.cl\/cpp\/wp-json\/wp\/v2\/categories?post=2855"},{"taxonomy":"post_tag","embeddable":true,"href":"https:\/\/gobierno.udd.cl\/cpp\/wp-json\/wp\/v2\/tags?post=2855"}],"curies":[{"name":"wp","href":"https:\/\/api.w.org\/{rel}","templated":true}]}}