{"id":2846,"date":"2017-04-20T22:12:01","date_gmt":"2017-04-21T01:12:01","guid":{"rendered":"http:\/\/gobierno.udd.cl\/cpp\/?p=2846"},"modified":"2017-04-20T23:12:03","modified_gmt":"2017-04-21T02:12:03","slug":"encuestan-a-mas-de-8-mil-apoderados-para-mejorar-educacion-de-providencia","status":"publish","type":"post","link":"https:\/\/gobierno.udd.cl\/cpp\/noticias\/2017\/04\/20\/encuestan-a-mas-de-8-mil-apoderados-para-mejorar-educacion-de-providencia\/","title":{"rendered":"Encuestan a m\u00e1s de 8 mil apoderados para mejorar educaci\u00f3n de Providencia"},"content":{"rendered":"<p style=\"text-align: justify;\">En los \u00faltimos ocho a\u00f1os, el puntaje promedio de los liceos de Providencia en la Prueba de Selecci\u00f3n Universitaria (PSU) cay\u00f3 de 615 puntos a 589.<\/p>\n<p>Los resultados en las pruebas Simce de todos los niveles han ido a la baja y si en 2012 diez establecimientos de la comuna ten\u00edan excelencia acad\u00e9mica, hoy solo la mitad la mantiene.<\/p>\n<p style=\"text-align: justify;\">A eso se suma un d\u00e9ficit financiero en la Corporaci\u00f3n de Desarrollo Social de Providencia -que administra los colegios p\u00fablicos y los consultorios- que el municipio ha cifrado en $5.300 millones y cuyas consecuencias quedaron en evidencia esta semana, cuando apoderados del colegio Carmela Carvajal de Prat denunciaron que faltan insumos hasta para hacer las pruebas y gu\u00edas.<\/p>\n<p style=\"text-align: justify;\">Ante este panorama, la Municipalidad de Providencia inici\u00f3 un proceso de consulta a los apoderados que tiene por objetivo recoger sus opiniones, y con ellas comenzar a construir un nuevo modelo educativo en la comuna que devuelva el prestigio a establecimientos emblem\u00e1ticos como el antes mencionado Carmela Carvajal, el Liceo 7 de Ni\u00f1as o el Liceo Jos\u00e9 Victorino Lastarria.<\/p>\n<p style=\"text-align: justify;\">La encuesta comenz\u00f3 a ser aplicada a fines de marzo en las reuniones de apoderados y se seguir\u00e1 haciendo todo este mes, hasta completar m\u00e1s de 8 mil cuestionarios respondidos en 272 salas, correspondientes al 70% de los 11.300 alumnos matriculados.<\/p>\n<p style=\"text-align: justify;\">El instrumento de 52 preguntas fue creado por la <span class=\"highlight\">U<\/span>.\u00a0<span class=\"highlight\">del<\/span> <span class=\"highlight\">Desarrollo<\/span> a pedido de la municipalidad, y en \u00e9l se pregunta, por ejemplo, la opini\u00f3n de los padres sobre los profesores de sus hijos, si los colegios est\u00e1n inculcando valores, si est\u00e1n de acuerdo con que se env\u00eden tareas para la casa o qu\u00e9 tan importantes son los resultados de sus alumnos en las pruebas estandarizadas.<\/p>\n<p style=\"text-align: justify;\">\u00abLo que estamos viendo es qu\u00e9 es lo que entienden los apoderados por un colegio de excelencia y qu\u00e9 esperan de este colegio\u00bb, detall\u00f3 la alcaldesa de Providencia, Evelyn Matthei, y a\u00f1adi\u00f3 que \u00ablos cuestionarios son an\u00f3nimos y esperamos que la gente conteste de coraz\u00f3n lo que efectivamente m\u00e1s valoran en el colegio\u00bb.<\/p>\n<p style=\"text-align: justify;\">Los resultados de la encuesta estar\u00e1n listos en mayo, mes en que se realizar\u00e1n focus groups para profundizar en las opiniones entregadas por los padres.<\/p>\n<p style=\"text-align: justify;\">\u00abUna vez que se haya hecho ese trabajo, se comenzar\u00e1 de forma inmediata a introducir cambios dependiendo de las prioridades que haya manifestado cada comunidad.<\/p>\n<p>Nosotros tenemos claro que los resultados han bajado y como han bajado tenemos que tomar medidas para que se eleven.<\/p>\n<p>Y hay pol\u00edticas t\u00e9cnicas para eso, pero lo que queremos es legitimarlo con un modelo en el que los padres y apoderados hayan participado\u00bb, sostuvo el director de Educaci\u00f3n de la comuna, Jos\u00e9 Palma.<\/p>\n<p style=\"text-align: justify;\">\u00abNosotros esperamos que bajemos la cantidad de alumnos por sala.\u00a0Eso ser\u00eda tremendamente importante para hacer una mejora en la calidad de los aprendizajes\u00bb, dijo, por ejemplo, Paulina Celpa, presidenta del Centro de Padres del colegio Providencia, sobre las prioridades de los apoderados.<\/p>\n<p style=\"text-align: justify;\">Los cambios que se introduzcan deber\u00edan notarse en el segundo semestre de clases y podr\u00e1n ir desde ofrecer talleres para los alumnos y hacer charlas hasta reforzar las asignaturas que los padres consideren prioritarias en cada establecimiento.<\/p>\n<p style=\"text-align: justify;\">Ver nota online:\u00a0http:\/\/www.economiaynegocios.cl\/noticias\/noticias.asp?id=352868<\/p>\n","protected":false},"excerpt":{"rendered":"<p>En los \u00faltimos ocho a\u00f1os, el puntaje promedio de los liceos de Providencia en la Prueba de Selecci\u00f3n Universitaria (PSU) cay\u00f3 de 615 puntos a 589. Los resultados en las pruebas Simce de todos los niveles han ido a la baja y si en 2012 diez establecimientos de la comuna ten\u00edan excelencia acad\u00e9mica, hoy solo [&hellip;]<\/p>\n","protected":false},"author":22,"featured_media":893,"comment_status":"open","ping_status":"open","sticky":false,"template":"","format":"standard","meta":{"footnotes":""},"categories":[10162],"tags":[],"class_list":["post-2846","post","type-post","status-publish","format-standard","has-post-thumbnail","hentry","category-centro-en-la-prensa"],"featured_image_url":"https:\/\/gobierno.udd.cl\/cpp\/files\/2015\/05\/udd_cpp_prensa_340.png","_links":{"self":[{"href":"https:\/\/gobierno.udd.cl\/cpp\/wp-json\/wp\/v2\/posts\/2846","targetHints":{"allow":["GET"]}}],"collection":[{"href":"https:\/\/gobierno.udd.cl\/cpp\/wp-json\/wp\/v2\/posts"}],"about":[{"href":"https:\/\/gobierno.udd.cl\/cpp\/wp-json\/wp\/v2\/types\/post"}],"author":[{"embeddable":true,"href":"https:\/\/gobierno.udd.cl\/cpp\/wp-json\/wp\/v2\/users\/22"}],"replies":[{"embeddable":true,"href":"https:\/\/gobierno.udd.cl\/cpp\/wp-json\/wp\/v2\/comments?post=2846"}],"version-history":[{"count":2,"href":"https:\/\/gobierno.udd.cl\/cpp\/wp-json\/wp\/v2\/posts\/2846\/revisions"}],"predecessor-version":[{"id":2859,"href":"https:\/\/gobierno.udd.cl\/cpp\/wp-json\/wp\/v2\/posts\/2846\/revisions\/2859"}],"wp:featuredmedia":[{"embeddable":true,"href":"https:\/\/gobierno.udd.cl\/cpp\/wp-json\/wp\/v2\/media\/893"}],"wp:attachment":[{"href":"https:\/\/gobierno.udd.cl\/cpp\/wp-json\/wp\/v2\/media?parent=2846"}],"wp:term":[{"taxonomy":"category","embeddable":true,"href":"https:\/\/gobierno.udd.cl\/cpp\/wp-json\/wp\/v2\/categories?post=2846"},{"taxonomy":"post_tag","embeddable":true,"href":"https:\/\/gobierno.udd.cl\/cpp\/wp-json\/wp\/v2\/tags?post=2846"}],"curies":[{"name":"wp","href":"https:\/\/api.w.org\/{rel}","templated":true}]}}