{"id":2833,"date":"2017-04-17T22:13:26","date_gmt":"2017-04-18T01:13:26","guid":{"rendered":"http:\/\/gobierno.udd.cl\/cpp\/?p=2833"},"modified":"2017-04-17T22:13:26","modified_gmt":"2017-04-18T01:13:26","slug":"como-influye-la-gratuidad-en-el-aumento-del-costo-de-la-educacion-publimetro","status":"publish","type":"post","link":"https:\/\/gobierno.udd.cl\/cpp\/noticias\/2017\/04\/17\/como-influye-la-gratuidad-en-el-aumento-del-costo-de-la-educacion-publimetro\/","title":{"rendered":"\u00bfC\u00f3mo influye la gratuidad en el aumento del costo de la educaci\u00f3n? &#8211; Publimetro"},"content":{"rendered":"<p class=\"p1\" style=\"text-align: justify;\">Este viernes se conoci\u00f3 que el \u00cdndice de Precios al Consumidor (IPC) de marzo present\u00f3 una variaci\u00f3n mensual de 0,4%, con un porcentaje acumulado en doce meses de 2,7%, situaci\u00f3n que se representa por el alza en varios sectores, siendo la m\u00e1s significativa en Educaci\u00f3n con un 4,3%.<\/p>\n<p class=\"p1\" style=\"text-align: justify;\">En la divisi\u00f3n de Educaci\u00f3n, los precios de servicios que sobresalen en el alza son de ense\u00f1anza universitaria (4,3%), servicio de ense\u00f1anza en instituto profesional (6,6%) y el servicio de educaci\u00f3n de 2\u00ba ciclo de ense\u00f1anza b\u00e1sica (3,1%).<\/p>\n<p class=\"p1\" style=\"text-align: justify;\">Seg\u00fan la misma informaci\u00f3n entregada por el Instituto Nacional de Estad\u00edstica (INE), esta situaci\u00f3n se explica \u201cpor los procesos de reajuste anual de matr\u00edculas y aranceles que realizaron los establecimientos educacionales\u201d<\/p>\n<p class=\"p1\" style=\"text-align: justify;\">De esta explicaci\u00f3n, surge la pregunta si los aranceles y matr\u00edculas han crecido m\u00e1s que otros a\u00f1os y cu\u00e1les son los factores que influye, interrogante que responde Francisca Dussaillant, directora del Centro de Pol\u00edticas Publicas <span class=\"highlight\">UDD<\/span>, quien afirma que las reformas instauradas tienen un efecto directo.<\/p>\n<p class=\"p1\" style=\"text-align: justify;\">\u201cEstimar el precio del IPC en el contexto de la reforma educacional es un desaf\u00edo, porque aparecen ciertos servicios que antes ten\u00edan un precio y ahora pasaron a ser gratuitos\u201d, sostiene Francisca Dussaillant.<\/p>\n<p class=\"p1\" style=\"text-align: justify;\">La experta en la materia se basa en el documento \u201cseparata t\u00e9cnica de \u00edndices de precios al consumidor y la Reforma Educacional\u201d, donde en abril de 2016, desde el organismo establecieron la forma en que tratar\u00edan el proyecto del gobierno y c\u00f3mo influye al calcular el IPC.<\/p>\n<p class=\"p1\" style=\"text-align: justify;\">\u201cAqu\u00ed cambia en la forma que se construye el \u00edndice, seg\u00fan la nota t\u00e9cnica el IPC deja de contabilizar a los colegios que pasan a ser gratuitos y solo toma en cuenta a los que se cobran, y lo m\u00e1s evidente es con la gratuidad en la universidad, ya que se incluye la matr\u00edcula y arancel de s\u00f3lo los alumnos que no est\u00e1n acogidos a la gratuidad\u201d, agrega.<\/p>\n<p class=\"p1\" style=\"text-align: justify;\">Seg\u00fan Dussaillant, la gratuidad en la educaci\u00f3n superior influye en este aumento del 4,3%, dado que los precios suben de forma considerable y tampoco se miden los efectos de sustituci\u00f3n, es decir \u201cla gente que ahora no est\u00e1 pagando universidad, va a usar esa plata en otra cosa, entonces los pesos que se le da a la canasta del consumidor promedio chileno pueden cambiar un poco\u201d, aclara.<\/p>\n<p class=\"p1\" style=\"text-align: justify;\">Ver nota publicada: <a href=\"https:\/\/www.publimetro.cl\/cl\/nacional\/2017\/04\/07\/influye-gratuidad-aumento-costo-educacion.html\" target=\"_blank\">https:\/\/www.publimetro.cl\/cl\/nacional\/2017\/04\/07\/influye-gratuidad-aumento-costo-educacion.html<\/a><\/p>\n","protected":false},"excerpt":{"rendered":"<p>Este viernes se conoci\u00f3 que el \u00cdndice de Precios al Consumidor (IPC) de marzo present\u00f3 una variaci\u00f3n mensual de 0,4%, con un porcentaje acumulado en doce meses de 2,7%, situaci\u00f3n que se representa por el alza en varios sectores, siendo la m\u00e1s significativa en Educaci\u00f3n con un 4,3%. En la divisi\u00f3n de Educaci\u00f3n, los precios [&hellip;]<\/p>\n","protected":false},"author":22,"featured_media":893,"comment_status":"open","ping_status":"open","sticky":false,"template":"","format":"standard","meta":{"footnotes":""},"categories":[10162],"tags":[],"class_list":["post-2833","post","type-post","status-publish","format-standard","has-post-thumbnail","hentry","category-centro-en-la-prensa"],"featured_image_url":"https:\/\/gobierno.udd.cl\/cpp\/files\/2015\/05\/udd_cpp_prensa_340.png","_links":{"self":[{"href":"https:\/\/gobierno.udd.cl\/cpp\/wp-json\/wp\/v2\/posts\/2833","targetHints":{"allow":["GET"]}}],"collection":[{"href":"https:\/\/gobierno.udd.cl\/cpp\/wp-json\/wp\/v2\/posts"}],"about":[{"href":"https:\/\/gobierno.udd.cl\/cpp\/wp-json\/wp\/v2\/types\/post"}],"author":[{"embeddable":true,"href":"https:\/\/gobierno.udd.cl\/cpp\/wp-json\/wp\/v2\/users\/22"}],"replies":[{"embeddable":true,"href":"https:\/\/gobierno.udd.cl\/cpp\/wp-json\/wp\/v2\/comments?post=2833"}],"version-history":[{"count":1,"href":"https:\/\/gobierno.udd.cl\/cpp\/wp-json\/wp\/v2\/posts\/2833\/revisions"}],"predecessor-version":[{"id":2834,"href":"https:\/\/gobierno.udd.cl\/cpp\/wp-json\/wp\/v2\/posts\/2833\/revisions\/2834"}],"wp:featuredmedia":[{"embeddable":true,"href":"https:\/\/gobierno.udd.cl\/cpp\/wp-json\/wp\/v2\/media\/893"}],"wp:attachment":[{"href":"https:\/\/gobierno.udd.cl\/cpp\/wp-json\/wp\/v2\/media?parent=2833"}],"wp:term":[{"taxonomy":"category","embeddable":true,"href":"https:\/\/gobierno.udd.cl\/cpp\/wp-json\/wp\/v2\/categories?post=2833"},{"taxonomy":"post_tag","embeddable":true,"href":"https:\/\/gobierno.udd.cl\/cpp\/wp-json\/wp\/v2\/tags?post=2833"}],"curies":[{"name":"wp","href":"https:\/\/api.w.org\/{rel}","templated":true}]}}