{"id":2822,"date":"2017-04-11T22:47:27","date_gmt":"2017-04-12T01:47:27","guid":{"rendered":"http:\/\/gobierno.udd.cl\/cpp\/?p=2822"},"modified":"2017-04-11T22:48:10","modified_gmt":"2017-04-12T01:48:10","slug":"eugenio-guzman-cotizaciones-de-las-afp-radio-adn-chile","status":"publish","type":"post","link":"https:\/\/gobierno.udd.cl\/cpp\/noticias\/2017\/04\/11\/eugenio-guzman-cotizaciones-de-las-afp-radio-adn-chile\/","title":{"rendered":"Eugenio Guzm\u00e1n: Cotizaciones de las AFP &#8211; Radio ADN Chile"},"content":{"rendered":"<p style=\"text-align: justify;\"><strong>Panelistas:<\/strong><\/p>\n<ul style=\"text-align: justify;\">\n<li>Luc\u00eda Dammert, profesora de la Universidad de Santiago y experta en seguridad<\/li>\n<li>Eugenio Guzm\u00e1n, decano de la Escuela de Gobierno de la <span class=\"highlight\">Universidad<\/span> <span class=\"highlight\">del<\/span> <span class=\"highlight\">Desarrollo<\/span><\/li>\n<li>Genaro Arriagada, cientista pol\u00edtico y ex ministro de Estado.<\/li>\n<\/ul>\n<div style=\"text-align: justify;\"><strong>Temas:<\/strong><\/div>\n<ul style=\"text-align: justify;\">\n<li>El impasse entre los ministros Rodrigo Vald\u00e9s y Alejandra Krauss en el tema del 5% de cotizaci\u00f3n adicional previsional.<\/li>\n<li>Discusi\u00f3n de las AFP por marcha electoral.<\/li>\n<li>Caso de las cotizaciones adicionales.<\/li>\n<li>Las propuestas del Gobierno que no atienden a los problemas del pa\u00eds.<\/li>\n<li>Irregularidades en el aparato p\u00fablico.<\/li>\n<\/ul>\n<p style=\"text-align: justify;\"><b>Menci\u00f3n:<\/b><\/p>\n<ul style=\"text-align: justify;\">\n<li><span class=\"highlight\">Universidad<\/span> <span class=\"highlight\">del<\/span> <span class=\"highlight\">Desarrollo<\/span>.<\/li>\n<\/ul>\n<p>Parte 1:<audio class=\"wp-audio-shortcode\" id=\"audio-2822-1\" preload=\"none\" style=\"width: 100%;\" controls=\"controls\"><source type=\"audio\/mpeg\" src=\"http:\/\/conectamedia.s3.amazonaws.com\/4b5b57a33ed9a10bb2296d4c8abba5a0.mp3?_=1\" \/><a href=\"http:\/\/conectamedia.s3.amazonaws.com\/4b5b57a33ed9a10bb2296d4c8abba5a0.mp3\">http:\/\/conectamedia.s3.amazonaws.com\/4b5b57a33ed9a10bb2296d4c8abba5a0.mp3<\/a><\/audio><\/p>\n<p>Parte 2:<audio class=\"wp-audio-shortcode\" id=\"audio-2822-2\" preload=\"none\" style=\"width: 100%;\" controls=\"controls\"><source type=\"audio\/mpeg\" src=\"http:\/\/conectamedia.s3.amazonaws.com\/6941cc78b20be1c796078cba21b13a00.mp3?_=2\" \/><a href=\"http:\/\/conectamedia.s3.amazonaws.com\/6941cc78b20be1c796078cba21b13a00.mp3\">http:\/\/conectamedia.s3.amazonaws.com\/6941cc78b20be1c796078cba21b13a00.mp3<\/a><\/audio><\/p>\n<p>Parte 3:<audio class=\"wp-audio-shortcode\" id=\"audio-2822-3\" preload=\"none\" style=\"width: 100%;\" controls=\"controls\"><source type=\"audio\/mpeg\" src=\"http:\/\/conectamedia.s3.amazonaws.com\/687d9152c8773b49b868716f7a5d13df.mp3?_=3\" \/><a href=\"http:\/\/conectamedia.s3.amazonaws.com\/687d9152c8773b49b868716f7a5d13df.mp3\">http:\/\/conectamedia.s3.amazonaws.com\/687d9152c8773b49b868716f7a5d13df.mp3<\/a><\/audio><\/p>\n","protected":false},"excerpt":{"rendered":"<p>Panelistas: Luc\u00eda Dammert, profesora de la Universidad de Santiago y experta en seguridad Eugenio Guzm\u00e1n, decano de la Escuela de Gobierno de la Universidad del Desarrollo Genaro Arriagada, cientista pol\u00edtico y ex ministro de Estado. Temas: El impasse entre los ministros Rodrigo Vald\u00e9s y Alejandra Krauss en el tema del 5% de cotizaci\u00f3n adicional previsional. [&hellip;]<\/p>\n","protected":false},"author":22,"featured_media":893,"comment_status":"open","ping_status":"open","sticky":false,"template":"","format":"standard","meta":{"footnotes":""},"categories":[10162],"tags":[],"class_list":["post-2822","post","type-post","status-publish","format-standard","has-post-thumbnail","hentry","category-centro-en-la-prensa"],"featured_image_url":"https:\/\/gobierno.udd.cl\/cpp\/files\/2015\/05\/udd_cpp_prensa_340.png","_links":{"self":[{"href":"https:\/\/gobierno.udd.cl\/cpp\/wp-json\/wp\/v2\/posts\/2822","targetHints":{"allow":["GET"]}}],"collection":[{"href":"https:\/\/gobierno.udd.cl\/cpp\/wp-json\/wp\/v2\/posts"}],"about":[{"href":"https:\/\/gobierno.udd.cl\/cpp\/wp-json\/wp\/v2\/types\/post"}],"author":[{"embeddable":true,"href":"https:\/\/gobierno.udd.cl\/cpp\/wp-json\/wp\/v2\/users\/22"}],"replies":[{"embeddable":true,"href":"https:\/\/gobierno.udd.cl\/cpp\/wp-json\/wp\/v2\/comments?post=2822"}],"version-history":[{"count":2,"href":"https:\/\/gobierno.udd.cl\/cpp\/wp-json\/wp\/v2\/posts\/2822\/revisions"}],"predecessor-version":[{"id":2824,"href":"https:\/\/gobierno.udd.cl\/cpp\/wp-json\/wp\/v2\/posts\/2822\/revisions\/2824"}],"wp:featuredmedia":[{"embeddable":true,"href":"https:\/\/gobierno.udd.cl\/cpp\/wp-json\/wp\/v2\/media\/893"}],"wp:attachment":[{"href":"https:\/\/gobierno.udd.cl\/cpp\/wp-json\/wp\/v2\/media?parent=2822"}],"wp:term":[{"taxonomy":"category","embeddable":true,"href":"https:\/\/gobierno.udd.cl\/cpp\/wp-json\/wp\/v2\/categories?post=2822"},{"taxonomy":"post_tag","embeddable":true,"href":"https:\/\/gobierno.udd.cl\/cpp\/wp-json\/wp\/v2\/tags?post=2822"}],"curies":[{"name":"wp","href":"https:\/\/api.w.org\/{rel}","templated":true}]}}