{"id":2815,"date":"2017-04-11T22:36:09","date_gmt":"2017-04-12T01:36:09","guid":{"rendered":"http:\/\/gobierno.udd.cl\/cpp\/?p=2815"},"modified":"2017-04-11T22:36:09","modified_gmt":"2017-04-12T01:36:09","slug":"bajo-conocimiento-esquiva-clase-media-y-poco-tiempo-la-segunda","status":"publish","type":"post","link":"https:\/\/gobierno.udd.cl\/cpp\/noticias\/2017\/04\/11\/bajo-conocimiento-esquiva-clase-media-y-poco-tiempo-la-segunda\/","title":{"rendered":"Bajo conocimiento, esquiva clase media y poco tiempo &#8211; La Segunda"},"content":{"rendered":"<p style=\"text-align: justify;\">\u00abPara ser un candidato presidencial competitivo hay que tener al menos un 85% promedio de conocimiento\u00bb. Esta es la norma de teor\u00eda pol\u00edtica que recuerda Roberto Izikson, gerente de asuntos p\u00fablicos y estudios de Cadem.<\/p>\n<p style=\"text-align: justify;\">A 42 d\u00edas de que anunci\u00f3 su disposici\u00f3n de ser candidata presidencial, aun es incierto si la senadora Carolina Goic logra superar el 48% que obtuvo en CEP de noviembre-diciembre.<\/p>\n<p style=\"text-align: justify;\">Igualmente seg\u00fan los expertos en opini\u00f3n p\u00fablica en este tiempo la senadora marc\u00f3 dos hitos: contener el crecimiento del senador independiente Alejandro Guillier \u2014que en las \u00faltimas tres semanas perdi\u00f3 siete puntos y se estanc\u00f3 en las encuestas con un 15% (Cadem)\u2014 y empatar al ex presidente Ricardo Lagos (PPD) y al ex RN Manuel Jos\u00e9 Ossand\u00f3n, quienes est\u00e1n en un 3%.<\/p>\n<p style=\"text-align: justify;\">Sin embargo, el debate que abre la parlamentaria por Magallanes es cu\u00e1n competitiva es hoy su performance presidencial y cu\u00e1nto espacio de crecimiento tiene de aqu\u00ed a la primaria del 2 de julio con el discurso de moderaci\u00f3n que exhibi\u00f3 frente a los empresarios en Icare, donde advirti\u00f3 que \u00abdebemos terminar con la l\u00f3gica de la retroexcavadora\u00bb.<\/p>\n<p style=\"text-align: justify;\">Sergio Espa\u00f1a, socio de la consultora Subjetiva advierte que Goic tiene dificultades para llegar al p\u00fablico al que m\u00e1s le habla: la clase media.<\/p>\n<p style=\"text-align: justify;\">\u00abTomando los datos de la encuesta CEP, en el grupo social econ\u00f3mico GSE alto un 80% de las personas la conoce versus el 47% del GSE medio. En cuanto a su evaluaci\u00f3n, en el (segmento) medio es -8 y en el bajo +11. Vale decir que el mayor rechazo est\u00e1 en el segmento medio\u00bb.<\/p>\n<p style=\"text-align: justify;\">Espa\u00f1a sostiene que la candidatura presidencial de Claudio Orrego en 2013 estaba mejor posicionada y llegaba m\u00e1s a la clase media que Goic hoy.<\/p>\n<p style=\"text-align: justify;\">\u00abHace cuatro a\u00f1os, Orrego en per\u00edodo de primarias ten\u00eda + 23 en el segmento alto, +8 en el medio y +13 en el bajo. En una mejor performance. M\u00e1s equilibrada y con un mejor rendimiento en el segmento medio que la observada por Goic\u00bb, asegura Espa\u00f1a.<\/p>\n<p style=\"text-align: justify;\">Una visi\u00f3n similar tiene Juan Pardo, socio director de Feedback, quien dice que el discurso de la abanderada DC \u00abhoy est\u00e1 en poca sinton\u00eda con la clase media\u00bb.<\/p>\n<p style=\"text-align: justify;\">\u00abEs cierto que su bajo nivel de conocimiento podr\u00eda ser un factor positivo, pero creo que en t\u00e9rminos concretos quedan ocho meses para la elecci\u00f3n presidencial y no veo un hito para instalarla. Le veo bajas posibilidades\u00bb. agrega.<\/p>\n<p style=\"text-align: justify;\">Pardo tambi\u00e9n hace ver que el discurso de la moderaci\u00f3n de Goic est\u00e1 dirigido a un electorado \u00abde mayor edad, pero no moviliza a uno nuevo como si lo hace el Frente Amplio\u00bb.<\/p>\n<p style=\"text-align: justify;\"><strong>\u00bfAmaenazas para Guillier?<\/strong><\/p>\n<p style=\"text-align: justify;\">Con todo, el director de la Facultad de Gobierno de la Universidad del Desarrollo, Eugenio Guzm\u00e1n, dice que Goic es una real competencia para el senador Alejandro Guillier de quien \u2014asegura \u2014no se sabe nada.<\/p>\n<p style=\"text-align: justify;\">\u00abElla se transform\u00f3 en una amenaza para Guillier, porque ordena y puede contener un electorado que podr\u00eda diluirse en favor de sectores distintos a la dec\u00e9\u00bb, sostiene.<\/p>\n<p style=\"text-align: justify;\">Guzm\u00e1n tambi\u00e9n destaca que hace un mes \u2014cuando a\u00fan no era candidata\u2014 Goic apareci\u00f3 en una de sus encuestas como posible presidenciable. Frente a la pregunta \u00bfSe imagina a&#8230;.como presidente (a) de Chile?, un 7% mencion\u00f3 a la senadora DC.<\/p>\n<p style=\"text-align: justify;\">Roberto M\u00e9ndez, director de GfK Adimark es m\u00e1s enf\u00e1tico y afirma que Goic no lleg\u00f3 \u00abatrasada\u00bb a la carrera presidencial, y por el contrario, dice que los pr\u00f3ximos meses dar\u00e1 una sorpresa.<\/p>\n<p style=\"text-align: justify;\">\u00abLa veo con bastante potencial y en este contexto de estancamiento de Guillier, veo que el escenario queda muy abierto para la Nueva Mayor\u00eda y el Frente Amplio y van a pasar cosas y considerando que Carolina tiene buena evaluaci\u00f3n, credibilidad, confianza es posible que sorprenda\u00bb, asevera.<\/p>\n<p style=\"text-align: justify;\">Para Izikson, Goic y Beatriz S\u00e1nchez \u2014precandidata del Frente Amplio\u2014est\u00e1n creciendo a costa de Alejandro Guillier y eso explica el retroceso en las encuestas del senador. \u00abCarolina Goic tiene potencial, pero le falta conocimiento, entonces le falta tiempo\u00bb.<\/p>\n<p style=\"text-align: justify;\"><strong>Candidata de la moderaci\u00f3n<\/strong><\/p>\n<p style=\"text-align: justify;\">\u00abM\u00e1s que moderaci\u00f3n, ella est\u00e1 apelando a la gobernabilidad del pa\u00eds y hoy parte de eso supone negociar y preocuparse de los temas econ\u00f3micos\u00bb, afirma Cristi\u00e1n Valdivieso, socio fundador de Criteria Research<\/p>\n<p style=\"text-align: justify;\">A Izikson no le gusta hablar de la candidata de la moderaci\u00f3n y dice que Goic, m\u00e1s bien, es la abanderada de los \u00abacuerdos\u00bb. \u00abEl problema es cuando el discurso DC se alinea con el ala m\u00e1s de izquierda, ah\u00ed pierde fuerza\u00bb.<\/p>\n<p style=\"text-align: justify;\">En tanto, M\u00e9ndez hace ver que la moderaci\u00f3n forma parte de la historia de la DC. \u00abLa moderaci\u00f3n y el equilibrio son su capital. La dec\u00e9 ha perdido mucho por mimetizarse con la izquierda\u00bb.<\/p>\n<p style=\"text-align: justify;\">Plantea Izikson<\/p>\n<p style=\"text-align: justify;\">\u00abA Goic lo que m\u00e1s le conviene es la primera vuelta\u00bb<\/p>\n<p style=\"text-align: justify;\">Aunque la DC fue uno de los primeros partidos en refichar una cantidad importante de militantes, en las \u00faltimas dos semanas se estanc\u00f3 y mantiene pendientes siete regiones, de modo que por ahora no podr\u00eda inscribir a Goic para las primarias del 2 de julio. El senador Ignacio Walker y el ex timonel, Gutemberg Mart\u00ednez han dicho que es mejor que Goic compita directo en primera vuelta<\/p>\n<p style=\"text-align: justify;\">\u00abA Goic lo que m\u00e1s le conviene es la primera vuelta\u00bb, coincide Izikson.<\/p>\n<p style=\"text-align: justify;\">Por el contrario, Valdivieso dice que Goic puede llegar a \u00abprimera vuelta, pero va a tener una posici\u00f3n desmejorada porque corre el riesgo de quedar detr\u00e1s de Guillier, Pi\u00f1era y del Frente Amplio. Se arriesga a llegar en cuarto lugar y en la primaria tiene la posibilidad de llegar segunda y eso seria un triunfo\u00bb.<\/p>\n<p style=\"text-align: justify;\"><a href=\"https:\/\/goo.gl\/DxzzaN\" target=\"_blank\"><img loading=\"lazy\" decoding=\"async\" class=\"aligncenter size-medium wp-image-2816\" src=\"http:\/\/gobierno.udd.cl\/cpp\/files\/2017\/04\/la_segunda_20171104_01-231x300.jpg\" alt=\"la_segunda_20171104_01\" width=\"231\" height=\"300\" srcset=\"https:\/\/gobierno.udd.cl\/cpp\/files\/2017\/04\/la_segunda_20171104_01-231x300.jpg 231w, https:\/\/gobierno.udd.cl\/cpp\/files\/2017\/04\/la_segunda_20171104_01-768x995.jpg 768w, https:\/\/gobierno.udd.cl\/cpp\/files\/2017\/04\/la_segunda_20171104_01-790x1024.jpg 790w, https:\/\/gobierno.udd.cl\/cpp\/files\/2017\/04\/la_segunda_20171104_01-741x960.jpg 741w, https:\/\/gobierno.udd.cl\/cpp\/files\/2017\/04\/la_segunda_20171104_01.jpg 1280w\" sizes=\"auto, (max-width: 231px) 100vw, 231px\" \/><\/a><\/p>\n","protected":false},"excerpt":{"rendered":"<p>\u00abPara ser un candidato presidencial competitivo hay que tener al menos un 85% promedio de conocimiento\u00bb. Esta es la norma de teor\u00eda pol\u00edtica que recuerda Roberto Izikson, gerente de asuntos p\u00fablicos y estudios de Cadem. A 42 d\u00edas de que anunci\u00f3 su disposici\u00f3n de ser candidata presidencial, aun es incierto si la senadora Carolina Goic [&hellip;]<\/p>\n","protected":false},"author":22,"featured_media":893,"comment_status":"open","ping_status":"open","sticky":false,"template":"","format":"standard","meta":{"footnotes":""},"categories":[10162],"tags":[],"class_list":["post-2815","post","type-post","status-publish","format-standard","has-post-thumbnail","hentry","category-centro-en-la-prensa"],"featured_image_url":"https:\/\/gobierno.udd.cl\/cpp\/files\/2015\/05\/udd_cpp_prensa_340.png","_links":{"self":[{"href":"https:\/\/gobierno.udd.cl\/cpp\/wp-json\/wp\/v2\/posts\/2815","targetHints":{"allow":["GET"]}}],"collection":[{"href":"https:\/\/gobierno.udd.cl\/cpp\/wp-json\/wp\/v2\/posts"}],"about":[{"href":"https:\/\/gobierno.udd.cl\/cpp\/wp-json\/wp\/v2\/types\/post"}],"author":[{"embeddable":true,"href":"https:\/\/gobierno.udd.cl\/cpp\/wp-json\/wp\/v2\/users\/22"}],"replies":[{"embeddable":true,"href":"https:\/\/gobierno.udd.cl\/cpp\/wp-json\/wp\/v2\/comments?post=2815"}],"version-history":[{"count":1,"href":"https:\/\/gobierno.udd.cl\/cpp\/wp-json\/wp\/v2\/posts\/2815\/revisions"}],"predecessor-version":[{"id":2817,"href":"https:\/\/gobierno.udd.cl\/cpp\/wp-json\/wp\/v2\/posts\/2815\/revisions\/2817"}],"wp:featuredmedia":[{"embeddable":true,"href":"https:\/\/gobierno.udd.cl\/cpp\/wp-json\/wp\/v2\/media\/893"}],"wp:attachment":[{"href":"https:\/\/gobierno.udd.cl\/cpp\/wp-json\/wp\/v2\/media?parent=2815"}],"wp:term":[{"taxonomy":"category","embeddable":true,"href":"https:\/\/gobierno.udd.cl\/cpp\/wp-json\/wp\/v2\/categories?post=2815"},{"taxonomy":"post_tag","embeddable":true,"href":"https:\/\/gobierno.udd.cl\/cpp\/wp-json\/wp\/v2\/tags?post=2815"}],"curies":[{"name":"wp","href":"https:\/\/api.w.org\/{rel}","templated":true}]}}