{"id":2798,"date":"2017-03-30T23:13:15","date_gmt":"2017-03-31T02:13:15","guid":{"rendered":"http:\/\/gobierno.udd.cl\/cpp\/?p=2798"},"modified":"2017-03-30T23:13:15","modified_gmt":"2017-03-31T02:13:15","slug":"la-primera-medicion-despues-del-lanzamiento-de-pinera-en-quinta-normal-el-mercurio","status":"publish","type":"post","link":"https:\/\/gobierno.udd.cl\/cpp\/noticias\/2017\/03\/30\/la-primera-medicion-despues-del-lanzamiento-de-pinera-en-quinta-normal-el-mercurio\/","title":{"rendered":"La primera medici\u00f3n despu\u00e9s del lanzamiento de Pi\u00f1era en Quinta Normal &#8211; El Mercurio"},"content":{"rendered":"<p style=\"text-align: justify;\">1 \u00abEsta medici\u00f3n corresponde a Santiago, no a todo el pa\u00eds; a nivel nacional puede haber variaciones\u00bb.<\/p>\n<p style=\"text-align: justify;\">2 \u00abAqu\u00ed no se mide intenci\u00f3n de voto, sino preferencia. Esto significa preferir a alguien dentro de un conjunto de opciones -en este caso se dio un listado fijo con los candidatos que suenan m\u00e1s fuerte-, pero eso no supone necesariamente una decisi\u00f3n de voto para el encuestado. Dentro de esas preferencias se aprecia una ventaja de Pi\u00f1era frente a Guillier, lo que refrenda lo que han mostrado otras encuestas\u00bb.<\/p>\n<p style=\"text-align: justify;\">3 \u00abDentro de las preferencias que favorecen a Pi\u00f1era, y yendo ya a las votaciones, uno se encuentra con un 25% de personas que votar\u00edan por \u00e9l a todo evento y otro 25% lo har\u00eda si es que no hay otra opci\u00f3n. Es decir, hay un voto m\u00e1s duro y uno m\u00e1s blando, cosa natural frente a una elecci\u00f3n para la que faltan 8 meses. Y hay tambi\u00e9n un 36% que dice que no va a votar nunca por \u00e9l. Lo que resulta central es que como se trata de personas que no necesariamente ir\u00e1n a votar, luego, cualquiera que sea el caso y la preferencia, las campa\u00f1as deber\u00e1n intensificar o dedicar esfuerzos a incorporar nuevos votantes o recuperar a aquellos que han dejado de hacerlo\u00bb.<\/p>\n<p style=\"text-align: justify;\">4 \u00abAl tomar a ese 50% que votar\u00eda o eventualmente votar\u00eda por Pi\u00f1era, n\u00edtidamente lo har\u00eda por el tema de la situaci\u00f3n econ\u00f3mica y el empleo, y la expectativa de que har\u00eda las cosas mejor. Factores como si es de derecha o no es de la Nueva Mayor\u00eda no tienen mayor impacto y relevancia. Esto nos da un indicio de que los sectores m\u00e1s indecisos son personas poco ideologizadas, y hoy d\u00eda ven que el panorama econ\u00f3mico-social est\u00e1 muy debilitado. No deja de llamar la atenci\u00f3n que el factor &#8216;experiencia&#8217; aparece con un 18%, lo que puede ser un elemento decisivo, adem\u00e1s de las expectativas econ\u00f3micas\u00bb.<\/p>\n<p style=\"text-align: justify;\">5 \u00abIndependientemente de que la situaci\u00f3n pueda cambiar una vez definidos qui\u00e9nes ser\u00e1n los candidatos, si hoy se suman las preferencias de los de Chile Vamos y los de la Nueva Mayor\u00eda presentes en la encuesta, el 57% se inclina por alguno de los que compiten dentro del conglomerado de derecha y el 43% por los de la coalici\u00f3n de Gobierno. Ello podr\u00eda estar indicando que en la medida en que las candidaturas de izquierda comiencen a clarificarse, la situaci\u00f3n ser\u00e1 distinta, redistribuyendo las preferencias por candidatos\u00bb.<\/p>\n<p style=\"text-align: justify;\">\n<p style=\"text-align: justify;\">Ver nota publicada: <a href=\"http:\/\/www.economiaynegocios.cl\/noticias\/noticias.asp?id=346988\" target=\"_blank\">http:\/\/www.economiaynegocios.cl\/noticias\/noticias.asp?id=346988<\/a><\/p>\n","protected":false},"excerpt":{"rendered":"<p>1 \u00abEsta medici\u00f3n corresponde a Santiago, no a todo el pa\u00eds; a nivel nacional puede haber variaciones\u00bb. 2 \u00abAqu\u00ed no se mide intenci\u00f3n de voto, sino preferencia. Esto significa preferir a alguien dentro de un conjunto de opciones -en este caso se dio un listado fijo con los candidatos que suenan m\u00e1s fuerte-, pero eso [&hellip;]<\/p>\n","protected":false},"author":22,"featured_media":893,"comment_status":"open","ping_status":"open","sticky":false,"template":"","format":"standard","meta":{"footnotes":""},"categories":[12124],"tags":[],"class_list":["post-2798","post","type-post","status-publish","format-standard","has-post-thumbnail","hentry","category-panel-ciudadano"],"featured_image_url":"https:\/\/gobierno.udd.cl\/cpp\/files\/2015\/05\/udd_cpp_prensa_340.png","_links":{"self":[{"href":"https:\/\/gobierno.udd.cl\/cpp\/wp-json\/wp\/v2\/posts\/2798","targetHints":{"allow":["GET"]}}],"collection":[{"href":"https:\/\/gobierno.udd.cl\/cpp\/wp-json\/wp\/v2\/posts"}],"about":[{"href":"https:\/\/gobierno.udd.cl\/cpp\/wp-json\/wp\/v2\/types\/post"}],"author":[{"embeddable":true,"href":"https:\/\/gobierno.udd.cl\/cpp\/wp-json\/wp\/v2\/users\/22"}],"replies":[{"embeddable":true,"href":"https:\/\/gobierno.udd.cl\/cpp\/wp-json\/wp\/v2\/comments?post=2798"}],"version-history":[{"count":1,"href":"https:\/\/gobierno.udd.cl\/cpp\/wp-json\/wp\/v2\/posts\/2798\/revisions"}],"predecessor-version":[{"id":2799,"href":"https:\/\/gobierno.udd.cl\/cpp\/wp-json\/wp\/v2\/posts\/2798\/revisions\/2799"}],"wp:featuredmedia":[{"embeddable":true,"href":"https:\/\/gobierno.udd.cl\/cpp\/wp-json\/wp\/v2\/media\/893"}],"wp:attachment":[{"href":"https:\/\/gobierno.udd.cl\/cpp\/wp-json\/wp\/v2\/media?parent=2798"}],"wp:term":[{"taxonomy":"category","embeddable":true,"href":"https:\/\/gobierno.udd.cl\/cpp\/wp-json\/wp\/v2\/categories?post=2798"},{"taxonomy":"post_tag","embeddable":true,"href":"https:\/\/gobierno.udd.cl\/cpp\/wp-json\/wp\/v2\/tags?post=2798"}],"curies":[{"name":"wp","href":"https:\/\/api.w.org\/{rel}","templated":true}]}}