{"id":2792,"date":"2017-03-15T21:30:10","date_gmt":"2017-03-16T00:30:10","guid":{"rendered":"http:\/\/gobierno.udd.cl\/cpp\/?p=2792"},"modified":"2017-03-15T21:30:10","modified_gmt":"2017-03-16T00:30:10","slug":"sobredosis-de-silencio-el-factor-que-amenaza-a-alejandro-guillier-radio-santiago","status":"publish","type":"post","link":"https:\/\/gobierno.udd.cl\/cpp\/noticias\/2017\/03\/15\/sobredosis-de-silencio-el-factor-que-amenaza-a-alejandro-guillier-radio-santiago\/","title":{"rendered":"Sobredosis de silencio: el factor que amenaza a Alejandro Guillier &#8211; Radio Santiago"},"content":{"rendered":"<p style=\"text-align: justify;\">La agenda pol\u00edtica de este verano estuvo particularmente agitada, incluyendo febrero, que tradicionalmente es un mes donde no suele ocurrir mucho en este \u00e1mbito.<\/p>\n<p style=\"text-align: justify;\">Incendios forestales de grandes dimensiones, inconvenientes con el refichaje y el impedimento del r\u00e9gimen castrista a Mariana Aylwin para ingresar a la isla fueron temas que marcaron la pauta, y donde uno de los grandes ausentes en estos debates fue el senador por Antofagasta y candidato presidencial apoyado por los radicales, Alejandro Guillier.<\/p>\n<p style=\"text-align: justify;\">Esta sobredosis de silencio coincidi\u00f3 con un estancamiento del postulante a La Moneda en las encuestas en las \u00faltimas semanas. Aunque los analistas a\u00fan no se atreven a hablar de una tendencia, afirman que marzo ser\u00e1 clave para saber si este\u00a0 hecho es estacional o no. Adem\u00e1s, comparten que el exceso de silencio del senador durante el movido verano ser\u00eda la raz\u00f3n de este frenazo.<\/p>\n<p style=\"text-align: justify;\">Seg\u00fan el acad\u00e9mico de la <span class=\"highlight\">Universidad<\/span> <span class=\"highlight\">del<\/span> <span class=\"highlight\">Desarrollo<\/span>, Eugenio Guzm\u00e1n, las \u00faltimas encuestas efectivamente muestran al presidenciable estancado, y a su juicio eso se debe a un problema del legislador que explicar\u00eda esta situaci\u00f3n.<\/p>\n<p style=\"text-align: justify;\">Para el analista, la l\u00f3gica medi\u00e1tica de Guillier consiste en no decir nada hasta antes que \u00e9l haya detectado el sentido com\u00fan (en t\u00e9rminos pol\u00edticos) de las personas en los distintos temas de discusi\u00f3n p\u00fablica. \u201cPero cuando uno usa esa l\u00f3gica, de lo que las personas perciben como lo \u201ccorrecto\u201d, toma tiempo en asentarse, y cuando uno est\u00e1 en campa\u00f1a electoral, no se puede usar esa l\u00f3gica, porque las campa\u00f1as son muy din\u00e1micas\u201d.<\/p>\n<p style=\"text-align: justify;\">Para graficar esto, el experto coloca como ejemplo los incendios forestales, lo que ocurri\u00f3 con el avi\u00f3n Supertanker y el refichaje, en los que Guillier no se pronunci\u00f3. Guzm\u00e1n asegura que eso pas\u00f3 porque el parlamentario quer\u00eda llegar a la mediana de lo que piensa el elector, y eso demora. Simb\u00f3lico es lo que ocurri\u00f3, dice, en el caso de Mariana Aylwin y el impedimento de que ingrese a Cuba. \u201cLe mand\u00f3 un saludo a la ex ministra y punto. En cambio Carolina Goic tuvo la inteligencia de jug\u00e1rsela y cerrarle el paso a Pi\u00f1era, que hab\u00eda salido a defender a Aylwin primero, y de esa manera impedir que el tema fuera capitalizado por \u00e9ste\u201d.<\/p>\n<p style=\"text-align: justify;\">Agrega que la sensaci\u00f3n es que en los \u00faltimos dos o tres meses el presidenciable de izquierda ha estado absolutamente ausente de los principales temas de discusi\u00f3n p\u00fablica. \u201c\u00bfQu\u00e9 sentido tiene ir a China en este momento? M\u00e1s cuando no sabemos nada del viaje, a qu\u00e9 fue, qu\u00e9 es lo que hizo y c\u00f3mo lo financi\u00f3\u201d, apunta el investigador. A\u00f1ade que esto tiene el efecto de que Guillier no tuviese en este per\u00edodo presencia en los medios de comunicaci\u00f3n, y menos en los asuntos centrales.<\/p>\n<p style=\"text-align: justify;\">A su vez afirma que lo que se sabe en cuanto al an\u00e1lisis de campa\u00f1as pol\u00edticas, es que los candidatos deben ir posicion\u00e1ndose en ciertos temas de acuerdo a la intensidad que tengan esos t\u00f3picos en los distintos grupos pol\u00edticos, cuesti\u00f3n que a su parecer tampoco hace el senador por Antofagasta. \u201cLo \u00fanico que hace es una especie de gui\u00f1o a la izquierda. Pero una izquierda que por lo dem\u00e1s no quiere nada con la Nueva Mayor\u00eda ni con la ex Concertaci\u00f3n. Al contrario, esta izquierda lo \u00fanico que quiere es que pierda la Nueva Mayor\u00eda, porque le conviene a su proyecto que gane Pi\u00f1era, para as\u00ed poder deshacerse de la vieja guardia de la Concertaci\u00f3n\u201d.<\/p>\n<p style=\"text-align: justify;\">Guzm\u00e1n no descarta que en este estancamiento est\u00e9 incidiendo en algo la decisi\u00f3n de la DC de nominar a Carolina Goic como su candidata, y de que el Frente Amplio tambi\u00e9n anunci\u00f3 que contar\u00e1 con su propio presidenciable. Argumenta que esto provoc\u00f3 que Guillier no se pudiese seguir posicionando de la forma en que lo ven\u00eda haciendo en los meses anteriores.<\/p>\n<p style=\"text-align: justify;\">El acad\u00e9mico indica que se debe hacer otra salvedad, en el sentido de que desde octubre del a\u00f1o pasado, Guillier comenz\u00f3 a decir que era candidato, y que por lo mismo, \u00e9l pas\u00f3 a otra etapa, donde se constituy\u00f3 como postulante oficial a La Moneda, frente a lo cual se le comienza a pedir un mayor pronunciamiento.<\/p>\n<p style=\"text-align: justify;\">\u201cHay que mirar muy bien el hecho de que parte del apoyo a Guillier en los sondeos, son personas que est\u00e1n mayoritariamente dentro del grupo de los que dicen que votan. Por lo tanto, se hace a\u00fan m\u00e1s enga\u00f1osa la cifra, y probablemente no solo estamos en presencia de un estancamiento, sino que tambi\u00e9n de una disminuci\u00f3n por parte de aquellos que ni siquiera votan\u201d.<\/p>\n<p style=\"text-align: justify;\">Agrega que precisamente ese 40% de los que van a ir a votar espera un pronunciamiento a medida que se va acercando la elecci\u00f3n.<\/p>\n<p style=\"text-align: justify;\"><strong>Mantener la estrategia<\/strong><\/p>\n<p style=\"text-align: justify;\">Una mirada algo distinta tiene el acad\u00e9mico de la Universidad Central, Kenneth Bunker. Seg\u00fan su apreciaci\u00f3n, al mirar las encuestas en perspectiva, dice que Guillier ya pas\u00f3 el tercio de los votantes con un 30% sobre los votos v\u00e1lidos, y que haber bajado tres puntos despu\u00e9s de haber desaparecido bastante no es una ca\u00edda significativa.<\/p>\n<p style=\"text-align: justify;\">\u201cComo Guillier es el fen\u00f3meno de esta competencia, por m\u00e1s que Pi\u00f1era se sit\u00faa primero, todos los ojos est\u00e1n puestos sobre \u00e9l, y estas situaciones se sobredimensionan\u201d, afirma el cientista pol\u00edtico.<\/p>\n<p style=\"text-align: justify;\">Bunker se\u00f1ala que si es que Guillier pierde algo con esta baja en la Adimark, pierde por el lado de que se frena la trayectoria ascendente, el \u201cmomentum\u201d, pero seg\u00fan su an\u00e1lisis no hubo mayores cambios en febrero en relaci\u00f3n al apoyo de los candidatos presidenciales.<\/p>\n<p style=\"text-align: justify;\">Para Bunker, si Guillier no quiere frenarse, debe mantener su estrategia ganadora utilizada hasta ahora, consistente en no hablar ni decir mucho en la medida de lo posible. \u201cCuando uno tiene una estrategia ganadora hay que mantenerla, no se debe cambiar\u201d, argumenta el investigador.<\/p>\n<p style=\"text-align: justify;\">No obstante, el analista piensa que el senador debe instalar un par de ejes rectores, definir pronto su comando, aunque sin mayores detalles, porque si empieza a ahondar en los temas, desde la izquierda tradicional se van a dar cuenta de su fragilidad. \u201cDebe ser muy cuidadoso en este punto\u201d, enfatiza Bunker.<\/p>\n<p style=\"text-align: justify;\">Como antecedente, el experto afirma que Pi\u00f1era es el que aparece estancando, incluso un poco a la baja, y donde por primera vez, seg\u00fan los n\u00fameros que ha analizado, por primera vez ambos candidatos est\u00e1n en la franja del 30%, Guillier con 30% y fracci\u00f3n y Pi\u00f1era con 39%.<\/p>\n<p style=\"text-align: justify;\">El acad\u00e9mico asegura que las pr\u00f3ximas semanas ser\u00e1n clave para determinar el rumbo de los dos principales contendores a La Moneda en las encuestas, y establecer con claridad si Guillier se fren\u00f3 o no, y cu\u00e1nto ha influido este silencio veraniego en el apoyo ciudadano.<\/p>\n<p style=\"text-align: justify;\">Ver nota publicada aqu\u00ed: <a href=\"https:\/\/www.radiosantiago.cl\/sobredosis-de-silencio-el-factor-que-amenaza-a-alejandro-guillier\/\" target=\"_blank\">https:\/\/www.radiosantiago.cl\/sobredosis-de-silencio-el-factor-que-amenaza-a-alejandro-guillier\/<\/a><\/p>\n","protected":false},"excerpt":{"rendered":"<p>La agenda pol\u00edtica de este verano estuvo particularmente agitada, incluyendo febrero, que tradicionalmente es un mes donde no suele ocurrir mucho en este \u00e1mbito. Incendios forestales de grandes dimensiones, inconvenientes con el refichaje y el impedimento del r\u00e9gimen castrista a Mariana Aylwin para ingresar a la isla fueron temas que marcaron la pauta, y donde [&hellip;]<\/p>\n","protected":false},"author":22,"featured_media":893,"comment_status":"open","ping_status":"open","sticky":false,"template":"","format":"standard","meta":{"footnotes":""},"categories":[10162],"tags":[],"class_list":["post-2792","post","type-post","status-publish","format-standard","has-post-thumbnail","hentry","category-centro-en-la-prensa"],"featured_image_url":"https:\/\/gobierno.udd.cl\/cpp\/files\/2015\/05\/udd_cpp_prensa_340.png","_links":{"self":[{"href":"https:\/\/gobierno.udd.cl\/cpp\/wp-json\/wp\/v2\/posts\/2792","targetHints":{"allow":["GET"]}}],"collection":[{"href":"https:\/\/gobierno.udd.cl\/cpp\/wp-json\/wp\/v2\/posts"}],"about":[{"href":"https:\/\/gobierno.udd.cl\/cpp\/wp-json\/wp\/v2\/types\/post"}],"author":[{"embeddable":true,"href":"https:\/\/gobierno.udd.cl\/cpp\/wp-json\/wp\/v2\/users\/22"}],"replies":[{"embeddable":true,"href":"https:\/\/gobierno.udd.cl\/cpp\/wp-json\/wp\/v2\/comments?post=2792"}],"version-history":[{"count":1,"href":"https:\/\/gobierno.udd.cl\/cpp\/wp-json\/wp\/v2\/posts\/2792\/revisions"}],"predecessor-version":[{"id":2793,"href":"https:\/\/gobierno.udd.cl\/cpp\/wp-json\/wp\/v2\/posts\/2792\/revisions\/2793"}],"wp:featuredmedia":[{"embeddable":true,"href":"https:\/\/gobierno.udd.cl\/cpp\/wp-json\/wp\/v2\/media\/893"}],"wp:attachment":[{"href":"https:\/\/gobierno.udd.cl\/cpp\/wp-json\/wp\/v2\/media?parent=2792"}],"wp:term":[{"taxonomy":"category","embeddable":true,"href":"https:\/\/gobierno.udd.cl\/cpp\/wp-json\/wp\/v2\/categories?post=2792"},{"taxonomy":"post_tag","embeddable":true,"href":"https:\/\/gobierno.udd.cl\/cpp\/wp-json\/wp\/v2\/tags?post=2792"}],"curies":[{"name":"wp","href":"https:\/\/api.w.org\/{rel}","templated":true}]}}