{"id":2737,"date":"2017-03-06T22:25:11","date_gmt":"2017-03-07T01:25:11","guid":{"rendered":"http:\/\/gobierno.udd.cl\/cpp\/?p=2737"},"modified":"2017-03-07T22:41:46","modified_gmt":"2017-03-08T01:41:46","slug":"documento-cpp-analisis-no-13-eficiencia-policial-cobertura-policial-control-del-delito-hugo-contreras","status":"publish","type":"post","link":"https:\/\/gobierno.udd.cl\/cpp\/noticias\/2017\/03\/06\/documento-cpp-analisis-no-13-eficiencia-policial-cobertura-policial-control-del-delito-hugo-contreras\/","title":{"rendered":"Documento CPP An\u00e1lisis No. 13: \u00abEficiencia Policial: Cobertura Policial para el control del Delito\u00bb por Hugo Contreras"},"content":{"rendered":"<p style=\"text-align: justify;\">La relaci\u00f3n entre el \u00cdndice de Cobertura Policial y el porcentaje de detenciones podr\u00eda ser entendida como una medida de eficiencia de la gesti\u00f3n de Carabineros de Chile. Asumiendo que existe un equilibrio entre la oferta y demanda de servicios policiales, se esperar\u00eda una relaci\u00f3n positiva entre ambos indicadores. Sin embargo, se observa una gran dispersi\u00f3n entre \u00e9stos, o sea, comunas que presentan determinado \u00cdndice de Cobertura Policial pueden presentar altos o bajos niveles de detenci\u00f3n. Esto permite clasificar las comunas seg\u00fan la eficiencia de la gesti\u00f3n policial. A la vez, se observan patrones espaciales como conglomerados de bajos \u00edndices de eficiencia policial en la zona central del pa\u00eds&#8230;<\/p>\n<p style=\"text-align: justify;\">Para revisar el documento completo ver <strong><a href=\"http:\/\/gobierno.udd.cl\/cpp\/files\/2017\/03\/13-Eficiencia-Carabineros-IDCP-Detenciones-1.pdf\" target=\"_blank\" rel=\"\">An\u00e1lisis N\u00b013<\/a><\/strong><\/p>\n","protected":false},"excerpt":{"rendered":"<p>La relaci\u00f3n entre el \u00cdndice de Cobertura Policial y el porcentaje de detenciones podr\u00eda ser entendida como una medida de eficiencia de la gesti\u00f3n de Carabineros de Chile. Asumiendo que existe un equilibrio entre la oferta y demanda de servicios policiales, se esperar\u00eda una relaci\u00f3n positiva entre ambos indicadores. Sin embargo, se observa una gran [&hellip;]<\/p>\n","protected":false},"author":22,"featured_media":1670,"comment_status":"open","ping_status":"open","sticky":false,"template":"","format":"standard","meta":{"footnotes":""},"categories":[11832,4],"tags":[],"class_list":["post-2737","post","type-post","status-publish","format-standard","has-post-thumbnail","hentry","category-analisis-centro-de-politicas-publicas","category-noticias"],"featured_image_url":"https:\/\/gobierno.udd.cl\/cpp\/files\/2016\/03\/analisis107x70.png","_links":{"self":[{"href":"https:\/\/gobierno.udd.cl\/cpp\/wp-json\/wp\/v2\/posts\/2737","targetHints":{"allow":["GET"]}}],"collection":[{"href":"https:\/\/gobierno.udd.cl\/cpp\/wp-json\/wp\/v2\/posts"}],"about":[{"href":"https:\/\/gobierno.udd.cl\/cpp\/wp-json\/wp\/v2\/types\/post"}],"author":[{"embeddable":true,"href":"https:\/\/gobierno.udd.cl\/cpp\/wp-json\/wp\/v2\/users\/22"}],"replies":[{"embeddable":true,"href":"https:\/\/gobierno.udd.cl\/cpp\/wp-json\/wp\/v2\/comments?post=2737"}],"version-history":[{"count":4,"href":"https:\/\/gobierno.udd.cl\/cpp\/wp-json\/wp\/v2\/posts\/2737\/revisions"}],"predecessor-version":[{"id":2743,"href":"https:\/\/gobierno.udd.cl\/cpp\/wp-json\/wp\/v2\/posts\/2737\/revisions\/2743"}],"wp:featuredmedia":[{"embeddable":true,"href":"https:\/\/gobierno.udd.cl\/cpp\/wp-json\/wp\/v2\/media\/1670"}],"wp:attachment":[{"href":"https:\/\/gobierno.udd.cl\/cpp\/wp-json\/wp\/v2\/media?parent=2737"}],"wp:term":[{"taxonomy":"category","embeddable":true,"href":"https:\/\/gobierno.udd.cl\/cpp\/wp-json\/wp\/v2\/categories?post=2737"},{"taxonomy":"post_tag","embeddable":true,"href":"https:\/\/gobierno.udd.cl\/cpp\/wp-json\/wp\/v2\/tags?post=2737"}],"curies":[{"name":"wp","href":"https:\/\/api.w.org\/{rel}","templated":true}]}}