{"id":2726,"date":"2017-01-28T11:45:30","date_gmt":"2017-01-28T14:45:30","guid":{"rendered":"http:\/\/gobierno.udd.cl\/cpp\/?p=2726"},"modified":"2017-01-28T11:46:03","modified_gmt":"2017-01-28T14:46:03","slug":"documento-cpp-analisis-no-12-politica-nacional-del-libro-y-la-lectura-2015-2020-algunas-ideas-sobre-el-panorama-nacional-por-soledad-reyes","status":"publish","type":"post","link":"https:\/\/gobierno.udd.cl\/cpp\/noticias\/2017\/01\/28\/documento-cpp-analisis-no-12-politica-nacional-del-libro-y-la-lectura-2015-2020-algunas-ideas-sobre-el-panorama-nacional-por-soledad-reyes\/","title":{"rendered":"Documento CPP An\u00e1lisis No. 12: \u00abPol\u00edtica nacional del libro y la lectura: 2015-2020. Algunas ideas sobre el panorama nacional\u00bb por Soledad Reyes"},"content":{"rendered":"<p style=\"text-align: justify;\">En abril del 2016 el gobierno de Michelle Bachelet lanz\u00f3 la nueva Pol\u00edtica Nacional del\u00a0Libro y la Lectura (PNLL), pensada para el per\u00edodo 2015-2020. Su objetivo, en palabras de la propia\u00a0Presidenta, es hacer de Chile \u201cun pa\u00eds de lectores y lectoras desde la primera infancia\u201d.<\/p>\n<p style=\"text-align: justify;\">No es la primera iniciativa que ha intentado llevarse a cabo. Y los resultados siguen siendo\u00a0deficientes. En los \u00faltimos a\u00f1os diversas encuestas han se\u00f1alado que el 52,8% de los adultos chilenos se declaran \u201cno lectores\u201d, y quienes declaran leer \u201cnunca\u201d o \u201ccasi nunca\u201d pertenecen a\u00a0los estratos m\u00e1s vulnerables de la poblaci\u00f3n.<\/p>\n<p style=\"text-align: justify;\">El presente documento tiene por objeto mostrar un diagn\u00f3stico sobre lo que sucede\u00a0actualmente en Chile en el \u00e1mbito del libro, su valoraci\u00f3n y acceso a \u00e9l. Concretamente, cu\u00e1l es el\u00a0estado de avance del PNLL 2015-20, y su contribuci\u00f3n a un fen\u00f3meno que es m\u00e1s que\u00a0preocupante: los chilenos leen poco, peor a\u00fan, no comprenden lo que leen.<\/p>\n<p style=\"text-align: justify;\">Para revisar el documento completo ver <strong><a href=\"http:\/\/gobierno.udd.cl\/cpp\/files\/2017\/01\/Ana\u0301lisis-Sole-R.pdf\" rel=\"\">Ana\u0301lisis N\u00b012<\/a><\/strong><\/p>\n","protected":false},"excerpt":{"rendered":"<p>En abril del 2016 el gobierno de Michelle Bachelet lanz\u00f3 la nueva Pol\u00edtica Nacional del\u00a0Libro y la Lectura (PNLL), pensada para el per\u00edodo 2015-2020. Su objetivo, en palabras de la propia\u00a0Presidenta, es hacer de Chile \u201cun pa\u00eds de lectores y lectoras desde la primera infancia\u201d. No es la primera iniciativa que ha intentado llevarse a [&hellip;]<\/p>\n","protected":false},"author":22,"featured_media":1670,"comment_status":"open","ping_status":"open","sticky":false,"template":"","format":"standard","meta":{"footnotes":""},"categories":[11832,4],"tags":[],"class_list":["post-2726","post","type-post","status-publish","format-standard","has-post-thumbnail","hentry","category-analisis-centro-de-politicas-publicas","category-noticias"],"featured_image_url":"https:\/\/gobierno.udd.cl\/cpp\/files\/2016\/03\/analisis107x70.png","_links":{"self":[{"href":"https:\/\/gobierno.udd.cl\/cpp\/wp-json\/wp\/v2\/posts\/2726","targetHints":{"allow":["GET"]}}],"collection":[{"href":"https:\/\/gobierno.udd.cl\/cpp\/wp-json\/wp\/v2\/posts"}],"about":[{"href":"https:\/\/gobierno.udd.cl\/cpp\/wp-json\/wp\/v2\/types\/post"}],"author":[{"embeddable":true,"href":"https:\/\/gobierno.udd.cl\/cpp\/wp-json\/wp\/v2\/users\/22"}],"replies":[{"embeddable":true,"href":"https:\/\/gobierno.udd.cl\/cpp\/wp-json\/wp\/v2\/comments?post=2726"}],"version-history":[{"count":1,"href":"https:\/\/gobierno.udd.cl\/cpp\/wp-json\/wp\/v2\/posts\/2726\/revisions"}],"predecessor-version":[{"id":2728,"href":"https:\/\/gobierno.udd.cl\/cpp\/wp-json\/wp\/v2\/posts\/2726\/revisions\/2728"}],"wp:featuredmedia":[{"embeddable":true,"href":"https:\/\/gobierno.udd.cl\/cpp\/wp-json\/wp\/v2\/media\/1670"}],"wp:attachment":[{"href":"https:\/\/gobierno.udd.cl\/cpp\/wp-json\/wp\/v2\/media?parent=2726"}],"wp:term":[{"taxonomy":"category","embeddable":true,"href":"https:\/\/gobierno.udd.cl\/cpp\/wp-json\/wp\/v2\/categories?post=2726"},{"taxonomy":"post_tag","embeddable":true,"href":"https:\/\/gobierno.udd.cl\/cpp\/wp-json\/wp\/v2\/tags?post=2726"}],"curies":[{"name":"wp","href":"https:\/\/api.w.org\/{rel}","templated":true}]}}