{"id":2717,"date":"2017-01-23T23:43:20","date_gmt":"2017-01-24T02:43:20","guid":{"rendered":"http:\/\/gobierno.udd.cl\/cpp\/?p=2717"},"modified":"2017-01-23T23:43:20","modified_gmt":"2017-01-24T02:43:20","slug":"los-decisivos-factores-que-tienen-a-ossandon-estancado-y-sin-posibilidades-de-crecer-como-alternativa-presidencial-cambio-21","status":"publish","type":"post","link":"https:\/\/gobierno.udd.cl\/cpp\/noticias\/2017\/01\/23\/los-decisivos-factores-que-tienen-a-ossandon-estancado-y-sin-posibilidades-de-crecer-como-alternativa-presidencial-cambio-21\/","title":{"rendered":"Los decisivos factores que tienen a Ossand\u00f3n estancado y sin posibilidades de crecer como alternativa presidencial &#8211; Cambio 21"},"content":{"rendered":"<p style=\"text-align: justify;\">Los resultados de las encuestas de inicios de a\u00f1o cayeron como un balde agua fr\u00eda para el senador y precandidato presidencial independiente Manuel Jos\u00e9 Ossand\u00f3n.<\/p>\n<p style=\"text-align: justify;\">En cifras, el exmilitante de Renovaci\u00f3n Nacional marc\u00f3 el 1% en los sondeos del CEP y Adimark respecto a \u00abqui\u00e9n cree que ser\u00e1 el pr\u00f3ximo mandatario\u00bb, lo que a juicio del legislador por Santiago Oriente se explica porque a\u00fan no comienza su campa\u00f1a.<\/p>\n<p style=\"text-align: justify;\">Con la cercan\u00eda de las vacaciones de verano y marzo como relevante bar\u00f3metro de popularidad, la duda es si el exalcalde de Puente Alto podr\u00e1 levantar cabeza y as\u00ed transformarse en alternativa de la derecha, que tiene en el primer lugar de preferencia el exgobernante Sebasti\u00e1n Pi\u00f1era.<\/p>\n<p style=\"text-align: justify;\">A continuaci\u00f3n, algunos indicadores de peso.<\/p>\n<p style=\"text-align: justify;\"><strong><em>Ni la misma derecha lo quiere<\/em><\/strong><\/p>\n<p style=\"text-align: justify;\">M\u00e1s all\u00e1 de los contenidos program\u00e1ticos de una primaria presidencial, donde los oponentes de una misma coalici\u00f3n (en esta caso Chile Vamos) deben marcar diferencias entre unos y otros, al interior de la derecha aseguran que tanta cr\u00edtica de Ossand\u00f3n a Pi\u00f1era no le ayuda, sino que a la inversa le perjudica.<\/p>\n<p style=\"text-align: justify;\">As\u00ed lo expone Eugenio Guzm\u00e1n, decano de la facultad de Gobierno de la Universidad del Desarrollo: \u00abOssand\u00f3n se basa en el cuestionamiento a Pi\u00f1era, y por los mismos canales y medios de siempre y, adem\u00e1s, diciendo lo mismo, lo que genera poco impacto. Lo ideal es que elabore un dise\u00f1o estrat\u00e9gico y acciones de campa\u00f1a\u00bb.<\/p>\n<p style=\"text-align: justify;\">\u00abDe acuerdo a sus porcentajes de conocimiento, \u00e9l podr\u00eda haber aumentado sus niveles de preferencia o al menos de expectativas, pero eso no ocurri\u00f3. Al rev\u00e9s, no logr\u00f3 encantar y penetrar al electorado de su mismo sector y a los indecisos. \u00bfPor qu\u00e9? Ha usado recursos poco efectivos, como por ejemplo, aparecer solamente en programas de televisi\u00f3n por aqu\u00ed y por all\u00e1. La verdad, no sabemos si est\u00e1 recorriendo el pa\u00eds, que ser\u00eda lo aconsejable\u00bb, coment\u00f3 a <strong>Cambio21<\/strong>.<\/p>\n<p style=\"text-align: justify;\">Fidel Espinoza, diputado socialista, agrega como elemento que \u00abOssand\u00f3n no goza de la confianza de la derecha. Me explico: yo estoy con Lagos en el PS, pero si Guillier gana las primarias es claro que estar\u00e9 con \u00e9l en la elecci\u00f3n de noviembre\u00bb.<\/p>\n<p style=\"text-align: justify;\">\u00abNo pasa lo mismo con la gente de la oposici\u00f3n, donde mucha no pasa a Ossand\u00f3n y no votar\u00eda por \u00e9l si algo pasa con la candidatura de Pi\u00f1era. A lo mejor, una parte del electorado de los sectores populares de Santiago le dar\u00eda el voto, pero ese un problema que tiene que resolver la derecha primero\u00bb, indic\u00f3 a este medio.<\/p>\n<p style=\"text-align: justify;\">Para peor, a\u00f1ade Guzm\u00e1n, \u00abel trasvasije de votos de uno hacia otro es muy complicado en la centroderecha. No es algo que pueda producirse autom\u00e1ticamente y es dif\u00edcil que suceda\u00bb.<\/p>\n<p style=\"text-align: justify;\"><strong><em>Peso interno<\/em><\/strong><\/p>\n<p style=\"text-align: justify;\">El propio Espinoza sostiene desde el Congreso Nacional que \u00abel principal problema que tiene Ossand\u00f3n es Pi\u00f1era\u00bb, toda vez que \u00abel 80% de los diputados y senadores de las bancadas de la derecha, o tal vez m\u00e1s, est\u00e1 cuadrado con el expresidente, lo que le dificulta su trabajo y lo hace ver estancado, porque ellos inciden mucho ante sus electores\u00bb.<\/p>\n<p style=\"text-align: justify;\">\u00abProbablemente, si logra superar este gran escollo pasar\u00eda a transformarse en un factor de riesgo para la Nueva Mayor\u00eda. Por de pronto, la palabra la tiene Chile Vamos\u00bb, insisti\u00f3.<\/p>\n<p style=\"text-align: justify;\"><strong><em>La rebeli\u00f3n<\/em><\/strong><\/p>\n<p style=\"text-align: justify;\">Por si fuera poco, Ev\u00f3poli, envalentonado por las cifras de las encuestas, sali\u00f3 a la caza de Ossand\u00f3n.<\/p>\n<p style=\"text-align: justify;\">Jorge Saint-Jean, timonel de la colectividad, hab\u00eda salido en defensa del puntaje logrado por el diputado y abanderado del partido, Felipe Kast (56% de conocimiento en Adimark y 18% de aprobaci\u00f3n y 40% de rechazo en el CEP), \u00aben s\u00f3lo un mes de campa\u00f1a\u00bb.<\/p>\n<p style=\"text-align: justify;\">\u00abKast alcanz\u00f3 a Ossand\u00f3n en el nivel de confianza, siendo que el candidato lleva bastante tiempo en campa\u00f1a. La cancha est\u00e1 muy abierta y todav\u00eda uno de cada dos chilenos no sabe por qui\u00e9n votar\u00e1 en la pr\u00f3xima elecci\u00f3n presidencial. Hoy Felipe es el que tiene mayor espacio para crecer\u00bb, nos coment\u00f3 para una anterior cr\u00f3nica.<\/p>\n<p style=\"text-align: justify;\">Y ahora, este mi\u00e9rcoles, Kast ya en la arena presidencial, emplaz\u00f3 a Pi\u00f1era y al propio Ossand\u00f3n \u00aba debatir ahora\u00bb.<\/p>\n<p style=\"text-align: justify;\">\u00abDebemos discutir el proyecto pol\u00edtico que Chile necesita. Se acabaron las horas de las encuestas, lleg\u00f3 el momento de las propuestas\u00bb, se\u00f1al\u00f3 en el lanzamiento de su postulaci\u00f3n.<\/p>\n<p style=\"text-align: justify;\">Ver nota publicada: <a href=\"http:\/\/www.cambio21.cl\/cambio21\/site\/artic\/20170118\/pags\/20170118151715.html\" target=\"_blank\">http:\/\/www.cambio21.cl\/cambio21\/site\/artic\/20170118\/pags\/20170118151715.html<\/a><\/p>\n","protected":false},"excerpt":{"rendered":"<p>Los resultados de las encuestas de inicios de a\u00f1o cayeron como un balde agua fr\u00eda para el senador y precandidato presidencial independiente Manuel Jos\u00e9 Ossand\u00f3n. En cifras, el exmilitante de Renovaci\u00f3n Nacional marc\u00f3 el 1% en los sondeos del CEP y Adimark respecto a \u00abqui\u00e9n cree que ser\u00e1 el pr\u00f3ximo mandatario\u00bb, lo que a juicio [&hellip;]<\/p>\n","protected":false},"author":22,"featured_media":893,"comment_status":"open","ping_status":"open","sticky":false,"template":"","format":"standard","meta":{"footnotes":""},"categories":[10162],"tags":[],"class_list":["post-2717","post","type-post","status-publish","format-standard","has-post-thumbnail","hentry","category-centro-en-la-prensa"],"featured_image_url":"https:\/\/gobierno.udd.cl\/cpp\/files\/2015\/05\/udd_cpp_prensa_340.png","_links":{"self":[{"href":"https:\/\/gobierno.udd.cl\/cpp\/wp-json\/wp\/v2\/posts\/2717","targetHints":{"allow":["GET"]}}],"collection":[{"href":"https:\/\/gobierno.udd.cl\/cpp\/wp-json\/wp\/v2\/posts"}],"about":[{"href":"https:\/\/gobierno.udd.cl\/cpp\/wp-json\/wp\/v2\/types\/post"}],"author":[{"embeddable":true,"href":"https:\/\/gobierno.udd.cl\/cpp\/wp-json\/wp\/v2\/users\/22"}],"replies":[{"embeddable":true,"href":"https:\/\/gobierno.udd.cl\/cpp\/wp-json\/wp\/v2\/comments?post=2717"}],"version-history":[{"count":1,"href":"https:\/\/gobierno.udd.cl\/cpp\/wp-json\/wp\/v2\/posts\/2717\/revisions"}],"predecessor-version":[{"id":2718,"href":"https:\/\/gobierno.udd.cl\/cpp\/wp-json\/wp\/v2\/posts\/2717\/revisions\/2718"}],"wp:featuredmedia":[{"embeddable":true,"href":"https:\/\/gobierno.udd.cl\/cpp\/wp-json\/wp\/v2\/media\/893"}],"wp:attachment":[{"href":"https:\/\/gobierno.udd.cl\/cpp\/wp-json\/wp\/v2\/media?parent=2717"}],"wp:term":[{"taxonomy":"category","embeddable":true,"href":"https:\/\/gobierno.udd.cl\/cpp\/wp-json\/wp\/v2\/categories?post=2717"},{"taxonomy":"post_tag","embeddable":true,"href":"https:\/\/gobierno.udd.cl\/cpp\/wp-json\/wp\/v2\/tags?post=2717"}],"curies":[{"name":"wp","href":"https:\/\/api.w.org\/{rel}","templated":true}]}}