{"id":2704,"date":"2017-01-23T23:31:43","date_gmt":"2017-01-24T02:31:43","guid":{"rendered":"http:\/\/gobierno.udd.cl\/cpp\/?p=2704"},"modified":"2017-01-23T23:31:55","modified_gmt":"2017-01-24T02:31:55","slug":"hugo-contreras-incendios-diario-atacama","status":"publish","type":"post","link":"https:\/\/gobierno.udd.cl\/cpp\/noticias\/2017\/01\/23\/hugo-contreras-incendios-diario-atacama\/","title":{"rendered":"Hugo Contreras: Incendios &#8211; Diario Atacama"},"content":{"rendered":"<p style=\"text-align: justify;\">Se\u00f1or director: Lamentables son los eventos del \u00faltimo tiempo asociados a incendios forestales, as\u00ed como los accidentes fatales, ocurridos en reservas, parques o predios privados asociados a una monta\u00f1a. Se critica la falta de gesti\u00f3n y de recursos para su sustentabilidad. Quiz\u00e1s muchos no saben, pero el actual Gobierno est\u00e1 trabajando en una pol\u00edtica p\u00fablica para la monta\u00f1a. Siempre hay quejas asociadas a que las pol\u00edticas p\u00fablicas se dise\u00f1an e implementan bajo cuatro paredes, sin la opini\u00f3n de expertos o de la misma ciudadan\u00eda. Por otro lado, muchos no saben del derecho de las personas a opinar en instancias de participaci\u00f3n ciudadana y elaboraci\u00f3n de instrumentos de gesti\u00f3n p\u00fablica, tal vez por el desconocimiento de \u00e9stas o por su acceso.<\/p>\n<p style=\"text-align: justify;\">En el sitio consultasciudadanas.mma.gob.cl del Ministerio del Medio Ambiente est\u00e1 disponible el borrador Pol\u00edtica Nacional para la Gesti\u00f3n Sustentable de la Monta\u00f1a en Chile y Plan de Acci\u00f3n al 2030, cuya consulta ciudadana comenz\u00f3 el d\u00eda 20 de diciembre del a\u00f1o reci\u00e9n pasado, que es una buena primera instancia para dar nuestro parecer<\/p>\n<p style=\"text-align: justify;\">Hugo Contreras, facultad de Gobierno de la <span class=\"highlight\">Universidad del Desarrollo<\/span><\/p>\n<p style=\"text-align: justify;\"><a href=\"https:\/\/goo.gl\/mLqtwr\" target=\"_blank\"><img loading=\"lazy\" decoding=\"async\" class=\"aligncenter size-medium wp-image-2705\" src=\"http:\/\/gobierno.udd.cl\/cpp\/files\/2017\/01\/atacama_01-210x300.jpg\" alt=\"atacama_01\" width=\"210\" height=\"300\" srcset=\"https:\/\/gobierno.udd.cl\/cpp\/files\/2017\/01\/atacama_01-210x300.jpg 210w, https:\/\/gobierno.udd.cl\/cpp\/files\/2017\/01\/atacama_01-768x1098.jpg 768w, https:\/\/gobierno.udd.cl\/cpp\/files\/2017\/01\/atacama_01-717x1024.jpg 717w, https:\/\/gobierno.udd.cl\/cpp\/files\/2017\/01\/atacama_01-672x960.jpg 672w, https:\/\/gobierno.udd.cl\/cpp\/files\/2017\/01\/atacama_01.jpg 1440w\" sizes=\"auto, (max-width: 210px) 100vw, 210px\" \/><\/a><\/p>\n","protected":false},"excerpt":{"rendered":"<p>Se\u00f1or director: Lamentables son los eventos del \u00faltimo tiempo asociados a incendios forestales, as\u00ed como los accidentes fatales, ocurridos en reservas, parques o predios privados asociados a una monta\u00f1a. Se critica la falta de gesti\u00f3n y de recursos para su sustentabilidad. Quiz\u00e1s muchos no saben, pero el actual Gobierno est\u00e1 trabajando en una pol\u00edtica p\u00fablica [&hellip;]<\/p>\n","protected":false},"author":22,"featured_media":893,"comment_status":"open","ping_status":"open","sticky":false,"template":"","format":"standard","meta":{"footnotes":""},"categories":[10162],"tags":[],"class_list":["post-2704","post","type-post","status-publish","format-standard","has-post-thumbnail","hentry","category-centro-en-la-prensa"],"featured_image_url":"https:\/\/gobierno.udd.cl\/cpp\/files\/2015\/05\/udd_cpp_prensa_340.png","_links":{"self":[{"href":"https:\/\/gobierno.udd.cl\/cpp\/wp-json\/wp\/v2\/posts\/2704","targetHints":{"allow":["GET"]}}],"collection":[{"href":"https:\/\/gobierno.udd.cl\/cpp\/wp-json\/wp\/v2\/posts"}],"about":[{"href":"https:\/\/gobierno.udd.cl\/cpp\/wp-json\/wp\/v2\/types\/post"}],"author":[{"embeddable":true,"href":"https:\/\/gobierno.udd.cl\/cpp\/wp-json\/wp\/v2\/users\/22"}],"replies":[{"embeddable":true,"href":"https:\/\/gobierno.udd.cl\/cpp\/wp-json\/wp\/v2\/comments?post=2704"}],"version-history":[{"count":2,"href":"https:\/\/gobierno.udd.cl\/cpp\/wp-json\/wp\/v2\/posts\/2704\/revisions"}],"predecessor-version":[{"id":2707,"href":"https:\/\/gobierno.udd.cl\/cpp\/wp-json\/wp\/v2\/posts\/2704\/revisions\/2707"}],"wp:featuredmedia":[{"embeddable":true,"href":"https:\/\/gobierno.udd.cl\/cpp\/wp-json\/wp\/v2\/media\/893"}],"wp:attachment":[{"href":"https:\/\/gobierno.udd.cl\/cpp\/wp-json\/wp\/v2\/media?parent=2704"}],"wp:term":[{"taxonomy":"category","embeddable":true,"href":"https:\/\/gobierno.udd.cl\/cpp\/wp-json\/wp\/v2\/categories?post=2704"},{"taxonomy":"post_tag","embeddable":true,"href":"https:\/\/gobierno.udd.cl\/cpp\/wp-json\/wp\/v2\/tags?post=2704"}],"curies":[{"name":"wp","href":"https:\/\/api.w.org\/{rel}","templated":true}]}}