{"id":2701,"date":"2017-01-23T23:29:14","date_gmt":"2017-01-24T02:29:14","guid":{"rendered":"http:\/\/gobierno.udd.cl\/cpp\/?p=2701"},"modified":"2017-01-23T23:29:14","modified_gmt":"2017-01-24T02:29:14","slug":"electores-de-lagos-expresan-mayor-probabilidad-de-no-ir-a-votar-la-segunda","status":"publish","type":"post","link":"https:\/\/gobierno.udd.cl\/cpp\/noticias\/2017\/01\/23\/electores-de-lagos-expresan-mayor-probabilidad-de-no-ir-a-votar-la-segunda\/","title":{"rendered":"Electores de Lagos expresan mayor probabilidad de no ir a votar &#8211; La Segunda"},"content":{"rendered":"<p style=\"text-align: justify;\">El decano de la Facultad de Gobierno de la <span class=\"highlight\">Universidad<\/span> <span class=\"highlight\">del<\/span> <span class=\"highlight\">Desarrollo<\/span>, Eugenio Guzm\u00e1n, analiza a fondo las cifras de los indecisos y de quienes se van a restar de las pr\u00f3ximas elecciones presidenciales.<\/p>\n<p style=\"text-align: justify;\">Seg\u00fan los datos de la encuesta CEP, el que tiene un piso de electores m\u00e1s inestable es el ex Presidente Ricardo Lagos.<\/p>\n<p style=\"text-align: justify;\">Frente a la pregunta \u00ab\u00bfUsted qui\u00e9n quiere que sea Presidente?\u00bb, Pi\u00f1era obtiene 20,1% de las preferencias, Guillier 13,9% y Lagos 4,6%.<\/p>\n<p style=\"text-align: justify;\">Sin embargo, cuando a esas mismas personas se les consulta si ir\u00e1n a votar o no, el abanderado del PPD obtiene el mayor porcentaje de personas que, a pesar de que quieren que sea Presidente, admite que probablemente \u00abno votar\u00e1n o definitivamente no votar\u00e1n\u00bb el d\u00eda de la elecci\u00f3n: un 17,9% . En el caso de Sebasti\u00e1n Pi\u00f1era ese porcentaje de votante en riesgo es de un 14,6%. En tanto, para Alejandro Guillier es un 13,3%.<\/p>\n<p style=\"text-align: justify;\">\u00abA diferencia de otras encuestas, la CEP hace esta distinci\u00f3n entre \u00abqui\u00e9n quiere\u00bb y \u00abqui\u00e9n cree\u00bb (que va a ganar la elecci\u00f3n presidencial). Se ha demostrado que las expectativas juegan un rol muy importante cuando t\u00fa tienes resultados muy apretados, porque esas personas se gu\u00edan muchas veces m\u00e1s bien por la expectativa de qui\u00e9n va a ganar, son un grupo de indecisos que marcan la diferencia\u00bb, afirma el acad\u00e9mico.<\/p>\n<p style=\"text-align: justify;\"><strong>\u2014\u00bfPor qu\u00e9 los que s\u00ed manifiestan inter\u00e9s por Lagos no ir\u00e1n a votar? \u00bfSon votantes menos comprometidos?<\/strong><\/p>\n<p style=\"text-align: justify;\">\u2014Guillier tiene 13,3% y Pi\u00f1era 14,6%. La diferencia te da 1,3 puntos, habr\u00eda que ver si es significativa, pero no\u2026 Lagos est\u00e1 destruido.<\/p>\n<p style=\"text-align: justify;\"><strong>\u2014\u00bfQui\u00e9nes son los que no ir\u00e1n a votar por \u00e9l? \u00bfSon los j\u00f3venes?<\/strong><\/p>\n<p style=\"text-align: justify;\">\u2014En promedio s\u00ed, pero no es que todos sean j\u00f3venes. O sea, a m\u00ed me gusta Serrat, pero no necesariamente voy a ir a su concierto, porque me da lata, porque habr\u00e1 mucha y prefiero escucharlo. Hay mucha gente que puede preferir, pero eso no mide cu\u00e1n intensa es tu preferencia.<\/p>\n<p style=\"text-align: justify;\"><strong>\u2014\u00bfY d\u00f3nde est\u00e1n los que no van a ir a votar por su candidato?<\/strong><\/p>\n<p style=\"text-align: justify;\">\u2014Entre los j\u00f3venes, entre el segmento de 18 a 34 a\u00f1os, entre los que no ven programas pol\u00edticos de televisi\u00f3n, ni leen prensa pol\u00edtica, ni hablan con sus amigos de pol\u00edtica. Por ejemplo, entre los que \u00abfrecuentemente\u00bb miran programas pol\u00edticos y a su vez se\u00f1alan que no ir\u00e1n a votar, no saben y no contestan, tienes 3%; mientras que quienes dicen que frecuentemente ven programas de TV y probablemente s\u00ed ir\u00e1n a votar, esa cifra aumenta a 17%. O sea, esta gente que no vota es despolitizada. Y ah\u00ed est\u00e1 el drama para los candidatos; o sea, van a gastar recursos en los que no saben, en los que no quieren ir a votar, sobre todo Guillier que es el que va abajo.<\/p>\n<p style=\"text-align: justify;\"><a href=\"https:\/\/goo.gl\/ccNDKM\" target=\"_blank\"><img loading=\"lazy\" decoding=\"async\" class=\"aligncenter size-medium wp-image-2702\" src=\"http:\/\/gobierno.udd.cl\/cpp\/files\/2017\/01\/2017-01-17_impresa.lasegunda.com_VH33494M-231x300.jpg\" alt=\"2017-01-17_impresa.lasegunda.com_VH33494M\" width=\"231\" height=\"300\" srcset=\"https:\/\/gobierno.udd.cl\/cpp\/files\/2017\/01\/2017-01-17_impresa.lasegunda.com_VH33494M-231x300.jpg 231w, https:\/\/gobierno.udd.cl\/cpp\/files\/2017\/01\/2017-01-17_impresa.lasegunda.com_VH33494M-768x995.jpg 768w, https:\/\/gobierno.udd.cl\/cpp\/files\/2017\/01\/2017-01-17_impresa.lasegunda.com_VH33494M-790x1024.jpg 790w, https:\/\/gobierno.udd.cl\/cpp\/files\/2017\/01\/2017-01-17_impresa.lasegunda.com_VH33494M-741x960.jpg 741w, https:\/\/gobierno.udd.cl\/cpp\/files\/2017\/01\/2017-01-17_impresa.lasegunda.com_VH33494M.jpg 1280w\" sizes=\"auto, (max-width: 231px) 100vw, 231px\" \/><\/a><\/p>\n","protected":false},"excerpt":{"rendered":"<p>El decano de la Facultad de Gobierno de la Universidad del Desarrollo, Eugenio Guzm\u00e1n, analiza a fondo las cifras de los indecisos y de quienes se van a restar de las pr\u00f3ximas elecciones presidenciales. Seg\u00fan los datos de la encuesta CEP, el que tiene un piso de electores m\u00e1s inestable es el ex Presidente Ricardo [&hellip;]<\/p>\n","protected":false},"author":22,"featured_media":893,"comment_status":"open","ping_status":"open","sticky":false,"template":"","format":"standard","meta":{"footnotes":""},"categories":[10162],"tags":[],"class_list":["post-2701","post","type-post","status-publish","format-standard","has-post-thumbnail","hentry","category-centro-en-la-prensa"],"featured_image_url":"https:\/\/gobierno.udd.cl\/cpp\/files\/2015\/05\/udd_cpp_prensa_340.png","_links":{"self":[{"href":"https:\/\/gobierno.udd.cl\/cpp\/wp-json\/wp\/v2\/posts\/2701","targetHints":{"allow":["GET"]}}],"collection":[{"href":"https:\/\/gobierno.udd.cl\/cpp\/wp-json\/wp\/v2\/posts"}],"about":[{"href":"https:\/\/gobierno.udd.cl\/cpp\/wp-json\/wp\/v2\/types\/post"}],"author":[{"embeddable":true,"href":"https:\/\/gobierno.udd.cl\/cpp\/wp-json\/wp\/v2\/users\/22"}],"replies":[{"embeddable":true,"href":"https:\/\/gobierno.udd.cl\/cpp\/wp-json\/wp\/v2\/comments?post=2701"}],"version-history":[{"count":1,"href":"https:\/\/gobierno.udd.cl\/cpp\/wp-json\/wp\/v2\/posts\/2701\/revisions"}],"predecessor-version":[{"id":2703,"href":"https:\/\/gobierno.udd.cl\/cpp\/wp-json\/wp\/v2\/posts\/2701\/revisions\/2703"}],"wp:featuredmedia":[{"embeddable":true,"href":"https:\/\/gobierno.udd.cl\/cpp\/wp-json\/wp\/v2\/media\/893"}],"wp:attachment":[{"href":"https:\/\/gobierno.udd.cl\/cpp\/wp-json\/wp\/v2\/media?parent=2701"}],"wp:term":[{"taxonomy":"category","embeddable":true,"href":"https:\/\/gobierno.udd.cl\/cpp\/wp-json\/wp\/v2\/categories?post=2701"},{"taxonomy":"post_tag","embeddable":true,"href":"https:\/\/gobierno.udd.cl\/cpp\/wp-json\/wp\/v2\/tags?post=2701"}],"curies":[{"name":"wp","href":"https:\/\/api.w.org\/{rel}","templated":true}]}}