{"id":2693,"date":"2017-01-23T23:17:34","date_gmt":"2017-01-24T02:17:34","guid":{"rendered":"http:\/\/gobierno.udd.cl\/cpp\/?p=2693"},"modified":"2017-01-23T23:20:00","modified_gmt":"2017-01-24T02:20:00","slug":"sistema-municipal-cerro-144-colegios-en-tres-anos-la-tercera","status":"publish","type":"post","link":"https:\/\/gobierno.udd.cl\/cpp\/noticias\/2017\/01\/23\/sistema-municipal-cerro-144-colegios-en-tres-anos-la-tercera\/","title":{"rendered":"Sistema municipal cerr\u00f3 144 colegios en tres a\u00f1os &#8211; La Tercera"},"content":{"rendered":"<p style=\"text-align: justify;\">\u201cLos establecimientos municipales pierden participaci\u00f3n en el sistema, situaci\u00f3n contraria a lo que ocurre en los colegios particulares subvencionados\u201d. Esa es una de las conclusiones de un an\u00e1lisis realizado por el Centro de Estudios del Mineduc, titulado \u201cVariaci\u00f3n de matr\u00edcula y tasas de permanencia por sector\u201d, que revis\u00f3 las estad\u00edsticas del sistema escolar hasta el a\u00f1o pasado y fue entregado a fines de diciembre a la Comisi\u00f3n de Educaci\u00f3n de la C\u00e1mara, mediante un oficio.<\/p>\n<p style=\"text-align: justify;\">Al analizar la oferta educativa entre los a\u00f1os 2013 y 2015, el documento especifica que \u201cen t\u00e9rminos absolutos, el sistema municipal se contrajo en 144 establecimientos. Por su parte, el sector particular subvencionado aument\u00f3 su provisi\u00f3n en 136 colegios\u201d.<\/p>\n<p style=\"text-align: justify;\">Espec\u00edficamente, destaca la ca\u00edda de establecimientos municipales en las regiones del Biob\u00edo, donde salieron del sistema 40 recintos p\u00fablicos; La Araucan\u00eda, con 28; y Los Lagos, con 25 menos. Como contraparte, destaca el incremento de los recintos subvencionados en la Regi\u00f3n Metropolitana, donde surgieron 47 colegios nuevos de este tipo: Biob\u00edo, con 35; y Valpara\u00edso, con 25.<\/p>\n<p style=\"text-align: justify;\">\u201cLa mayor\u00eda de los municipios que han cerrado colegios es porque han bajado tanto la matr\u00edcula que requieren cerrar establecimientos o fusionarlos para darles viabilidad\u201d, coment\u00f3 Mauricio Bravo, acad\u00e9mico de la <span class=\"highlight\">U<\/span>. <span class=\"highlight\">del<\/span> <span class=\"highlight\">Desarrollo<\/span>.<\/p>\n<p style=\"text-align: justify;\">El investigador agreg\u00f3 que \u201cdesde hace 10 a\u00f1os o m\u00e1s la matr\u00edcula viene bajando de manera sostenida y eso ha obligado a ajustes\u201d.<\/p>\n<p style=\"text-align: justify;\">Seg\u00fan otra minuta elaborada por el Centro de Estudios del Mineduc y tambi\u00e9n entregada al Parlamento, la matr\u00edcula municipal preliminar cay\u00f3 en 2016 un 1,6%, mientras que la subvencionada creci\u00f3 un 0,5% y la pagada un 3,8%.<\/p>\n<p style=\"text-align: justify;\">La Regi\u00f3n del Biob\u00edo es precisamente donde m\u00e1s baj\u00f3 la cantidad de estudiantes del sistema municipal, con un 3,1% menos; mientras que el sector subvencionado en dicha regi\u00f3n subi\u00f3 en 2,2%.<\/p>\n<p style=\"text-align: justify;\">El estudio del Mineduc tambi\u00e9n muestra que el sector municipal es el que menor retenci\u00f3n de estudiantes logra: un 90% de sus alumnos permanece en un colegio p\u00fablico, mientras que en el caso de los recintos subvencionados es de un 93% y en el del particular pagado de un 96%. \u201cLa cifra muestra que un 10% de estudiantes se est\u00e1 moviendo\u201d, se\u00f1al\u00f3 Iv\u00e1n Salinas, acad\u00e9mico de la U. de Chile, quien agreg\u00f3 que tambi\u00e9n puede haber una relaci\u00f3n con la oferta curricular de los colegios.<\/p>\n<p style=\"text-align: justify;\">Ver nota publicada: <a href=\"http:\/\/www.latercera.com\/noticia\/sistema-municipal-cerro-144-colegios-tres-anos\/\" target=\"_blank\">http:\/\/www.latercera.com\/noticia\/sistema-municipal-cerro-144-colegios-tres-anos\/<\/a><\/p>\n","protected":false},"excerpt":{"rendered":"<p>\u201cLos establecimientos municipales pierden participaci\u00f3n en el sistema, situaci\u00f3n contraria a lo que ocurre en los colegios particulares subvencionados\u201d. Esa es una de las conclusiones de un an\u00e1lisis realizado por el Centro de Estudios del Mineduc, titulado \u201cVariaci\u00f3n de matr\u00edcula y tasas de permanencia por sector\u201d, que revis\u00f3 las estad\u00edsticas del sistema escolar hasta el [&hellip;]<\/p>\n","protected":false},"author":22,"featured_media":963,"comment_status":"open","ping_status":"open","sticky":false,"template":"","format":"standard","meta":{"footnotes":""},"categories":[4],"tags":[],"class_list":["post-2693","post","type-post","status-publish","format-standard","has-post-thumbnail","hentry","category-noticias"],"featured_image_url":"https:\/\/gobierno.udd.cl\/cpp\/files\/2015\/06\/Mauricio-Bravo_destacada.jpg","_links":{"self":[{"href":"https:\/\/gobierno.udd.cl\/cpp\/wp-json\/wp\/v2\/posts\/2693","targetHints":{"allow":["GET"]}}],"collection":[{"href":"https:\/\/gobierno.udd.cl\/cpp\/wp-json\/wp\/v2\/posts"}],"about":[{"href":"https:\/\/gobierno.udd.cl\/cpp\/wp-json\/wp\/v2\/types\/post"}],"author":[{"embeddable":true,"href":"https:\/\/gobierno.udd.cl\/cpp\/wp-json\/wp\/v2\/users\/22"}],"replies":[{"embeddable":true,"href":"https:\/\/gobierno.udd.cl\/cpp\/wp-json\/wp\/v2\/comments?post=2693"}],"version-history":[{"count":1,"href":"https:\/\/gobierno.udd.cl\/cpp\/wp-json\/wp\/v2\/posts\/2693\/revisions"}],"predecessor-version":[{"id":2694,"href":"https:\/\/gobierno.udd.cl\/cpp\/wp-json\/wp\/v2\/posts\/2693\/revisions\/2694"}],"wp:featuredmedia":[{"embeddable":true,"href":"https:\/\/gobierno.udd.cl\/cpp\/wp-json\/wp\/v2\/media\/963"}],"wp:attachment":[{"href":"https:\/\/gobierno.udd.cl\/cpp\/wp-json\/wp\/v2\/media?parent=2693"}],"wp:term":[{"taxonomy":"category","embeddable":true,"href":"https:\/\/gobierno.udd.cl\/cpp\/wp-json\/wp\/v2\/categories?post=2693"},{"taxonomy":"post_tag","embeddable":true,"href":"https:\/\/gobierno.udd.cl\/cpp\/wp-json\/wp\/v2\/tags?post=2693"}],"curies":[{"name":"wp","href":"https:\/\/api.w.org\/{rel}","templated":true}]}}