{"id":2684,"date":"2017-01-18T23:36:27","date_gmt":"2017-01-19T02:36:27","guid":{"rendered":"http:\/\/gobierno.udd.cl\/cpp\/?p=2684"},"modified":"2017-01-18T23:36:27","modified_gmt":"2017-01-19T02:36:27","slug":"b4-el-encuentro-que-lleva-a-valparaiso-la-ciencia-con-enfoque-social-ucv","status":"publish","type":"post","link":"https:\/\/gobierno.udd.cl\/cpp\/noticias\/2017\/01\/18\/b4-el-encuentro-que-lleva-a-valparaiso-la-ciencia-con-enfoque-social-ucv\/","title":{"rendered":"B4: El encuentro que lleva a Valpara\u00edso la ciencia con enfoque social &#8211; UCV"},"content":{"rendered":"<p style=\"text-align: justify;\">Twitter para buscar alg\u00fan porqu\u00e9 a la alta abstenci\u00f3n en las \u00faltimas elecciones municipales; el mercado brasile\u00f1o y chino para saber de d\u00f3nde vienen los nuevos trabajadores de la nueva industria; y el an\u00e1lisis de los procesos cognitivos para analizar la toma de cotidiana de decisiones en la vida de una persona.<\/p>\n<p style=\"text-align: justify;\">\u00a0Estos son solo algunos de los novedosos proyectos que durante este mes se est\u00e1n desarrollando en el Research Camp, con estudiantes del Macro Connections Media Lab Group, del prestigioso Instituto de Tecnolog\u00eda de Massachusetts (MIT) y con estudiantes del doctorado en Ciencias de la Complejidad Social del CICS.<\/p>\n<p style=\"text-align: justify;\">\u00a0En total son doce investigadores de alto calibre y 20 alumnos que trabajar\u00e1n en sus proyectos de investigaci\u00f3n en \u00e1reas del Research Camp (o campamento de investigaci\u00f3n) llamado B4: Bits, Bots, Brain and Behavior.<\/p>\n<p style=\"text-align: justify;\">\u00a0B4 se est\u00e1 desarrollando durante todo el mes de enero en iF Valpara\u00edso 3IE y busca que los estudiantes puedan trabajar 100% dedicados en los proyectos que desarrollar\u00e1n durante enero, teniendo a disposici\u00f3n la orientaci\u00f3n de los profesores e investigadores que los estar\u00e1n acompa\u00f1ando, as\u00ed como tambi\u00e9n el feedback de todos los participantes del B4, adem\u00e1s de generar instancias colaborativas con diversos actores del ecosistema innovador de Valpara\u00edso.<\/p>\n<p style=\"text-align: justify;\">\u00a0El programa estar\u00e1 dirigido por C\u00e9sar Hidalgo, PhD en F\u00edsica de la Universidad de Notre Dame y el profesor asociado m\u00e1s joven del MIT Media Lab; y Carlos Rodr\u00edguez-Sickert, PhD en Econom\u00eda de la Universidad de Cambridge, director del CICS y profesor en la Facultad de Gobierno de la <span class=\"highlight\">UDD<\/span>.<\/p>\n<p style=\"text-align: justify;\">\u00a0C\u00e9sar Hidalgo, destac\u00f3 el trabajo que se generar\u00e1 en B4 se\u00f1alando que \u201cel espacio re\u00fane las condiciones que necesitamos para concentrarnos en los distintos art\u00edculos acad\u00e9micos y proyectos que estamos trabajando. Este a\u00f1o hay j\u00f3venes de India, China, Portugal, Arabia Saudita y otros lugares del mundo que se sienten motivados en esta infraestructura, ubicada en el coraz\u00f3n de Valpara\u00edso, con vista a todo el puerto. Una de las razones por las que volvimos fue porque los estudiantes del a\u00f1o anterior convencieron a los de este a\u00f1o ya que fue una experiencia muy enriquecedora para ellos\u201d.<\/p>\n<p style=\"text-align: justify;\">\u00a0Carlos Rodr\u00edguez-Sickert, director del CICS y su doctorado, destac\u00f3 la participaci\u00f3n de investigadores de otras prestigiosas universidades que tambi\u00e9n supervisar\u00e1n a los participantes del B4. \u201cEn este segundo a\u00f1o de campamento de investigaci\u00f3n tendremos la visita de los profesores de Oxford Isabel Behcnke y Tamas David-Barret, quienes est\u00e1n afiliados a nuestro centro y est\u00e1n trabajando con nuestros estudiantes en proyectos como el estudio del comportamiento social de los Bonobos o c\u00f3mo se ven las estructuras de familias y amigos desde la Big Data.\u201d<\/p>\n<p style=\"text-align: justify;\">\u00a0Respecto al uso de Big Data Rodr\u00edguez-Sickert agreg\u00f3: \u201cDos de las l\u00edneas de investigaci\u00f3n del campamento de este a\u00f1o \u2013 Bits y Bots- las estamos trabajando en colaboraci\u00f3n con la Facultad de Ingenier\u00eda de nuestra universidad y su Instituto de Big Data. Por eso, 4 de sus mejores estudiantes y el mismo n\u00famero de investigadores est\u00e1n participando de B4\u201d<\/p>\n<p style=\"text-align: justify;\">\u00a0El Research Camp de este a\u00f1o finalizar\u00e1 con un evento abierto de cierre el 31 de enero en el Teatro IF ubicado en Santiago, encuentro ser\u00e1n presentados los resultados obtenido por el Media Lab MIT.<\/p>\n<p style=\"text-align: justify;\">Ver nota publicada: <a href=\"http:\/\/www.ucvmedios.cl\/ucv-radio-noticia.php?nid=31066\" target=\"_blank\">http:\/\/www.ucvmedios.cl\/ucv-radio-noticia.php?nid=31066<\/a><\/p>\n","protected":false},"excerpt":{"rendered":"<p>Twitter para buscar alg\u00fan porqu\u00e9 a la alta abstenci\u00f3n en las \u00faltimas elecciones municipales; el mercado brasile\u00f1o y chino para saber de d\u00f3nde vienen los nuevos trabajadores de la nueva industria; y el an\u00e1lisis de los procesos cognitivos para analizar la toma de cotidiana de decisiones en la vida de una persona. \u00a0Estos son solo [&hellip;]<\/p>\n","protected":false},"author":22,"featured_media":893,"comment_status":"open","ping_status":"open","sticky":false,"template":"","format":"standard","meta":{"footnotes":""},"categories":[10162],"tags":[],"class_list":["post-2684","post","type-post","status-publish","format-standard","has-post-thumbnail","hentry","category-centro-en-la-prensa"],"featured_image_url":"https:\/\/gobierno.udd.cl\/cpp\/files\/2015\/05\/udd_cpp_prensa_340.png","_links":{"self":[{"href":"https:\/\/gobierno.udd.cl\/cpp\/wp-json\/wp\/v2\/posts\/2684","targetHints":{"allow":["GET"]}}],"collection":[{"href":"https:\/\/gobierno.udd.cl\/cpp\/wp-json\/wp\/v2\/posts"}],"about":[{"href":"https:\/\/gobierno.udd.cl\/cpp\/wp-json\/wp\/v2\/types\/post"}],"author":[{"embeddable":true,"href":"https:\/\/gobierno.udd.cl\/cpp\/wp-json\/wp\/v2\/users\/22"}],"replies":[{"embeddable":true,"href":"https:\/\/gobierno.udd.cl\/cpp\/wp-json\/wp\/v2\/comments?post=2684"}],"version-history":[{"count":1,"href":"https:\/\/gobierno.udd.cl\/cpp\/wp-json\/wp\/v2\/posts\/2684\/revisions"}],"predecessor-version":[{"id":2685,"href":"https:\/\/gobierno.udd.cl\/cpp\/wp-json\/wp\/v2\/posts\/2684\/revisions\/2685"}],"wp:featuredmedia":[{"embeddable":true,"href":"https:\/\/gobierno.udd.cl\/cpp\/wp-json\/wp\/v2\/media\/893"}],"wp:attachment":[{"href":"https:\/\/gobierno.udd.cl\/cpp\/wp-json\/wp\/v2\/media?parent=2684"}],"wp:term":[{"taxonomy":"category","embeddable":true,"href":"https:\/\/gobierno.udd.cl\/cpp\/wp-json\/wp\/v2\/categories?post=2684"},{"taxonomy":"post_tag","embeddable":true,"href":"https:\/\/gobierno.udd.cl\/cpp\/wp-json\/wp\/v2\/tags?post=2684"}],"curies":[{"name":"wp","href":"https:\/\/api.w.org\/{rel}","templated":true}]}}