{"id":2680,"date":"2017-01-18T23:32:45","date_gmt":"2017-01-19T02:32:45","guid":{"rendered":"http:\/\/gobierno.udd.cl\/cpp\/?p=2680"},"modified":"2017-01-18T23:34:13","modified_gmt":"2017-01-19T02:34:13","slug":"investigadores-y-estudiantes-del-mit-trabajaran-en-enero-en-proyectos-de-neurociencia-en-valparaiso-estrategia","status":"publish","type":"post","link":"https:\/\/gobierno.udd.cl\/cpp\/noticias\/2017\/01\/18\/investigadores-y-estudiantes-del-mit-trabajaran-en-enero-en-proyectos-de-neurociencia-en-valparaiso-estrategia\/","title":{"rendered":"Investigadores y Estudiantes del MIT Trabajar\u00e1n en Enero en Proyectos de Neurociencia en Valpara\u00edso &#8211; Estrategia"},"content":{"rendered":"<p style=\"text-align: justify;\">Por segundo a\u00f1o consecutivo, iF Valpara\u00edso 3IE recibe la visita del Research Camp, programa de postgrado en Complejidad Social realizado por el Media Lab Macro Connections Group del Massachusetts Institute of Technology (MIT) y el Centro de Investigaci\u00f3n de Complejidad Social de la Universidad del Desarrollo (CICS- UDD).<\/p>\n<p style=\"text-align: justify;\">Durante enero, el programa que este a\u00f1o recibe el nombre de B4: Bits, Bots, Brain and Behavior y que re\u00fane a no solo investigadores, sino tambi\u00e9n estudiantes, buscar\u00e1 generar informaci\u00f3n de valor en \u00e1reas de la neurociencia. El trabajo en el iF Valpara\u00edso 3IE pretende ser un aporte para que los estudiantes puedan trabajar 100% dedicados en los proyectos que desarrollar\u00e1n individualmente, teniendo a disposici\u00f3n la orientaci\u00f3n de los profesores e investigadores que los estar\u00e1n acompa\u00f1ando, as\u00ed como tambi\u00e9n el feedback colaborativo de todos los participantes del B4, adem\u00e1s de generar instancias colaborativas con diversos actores del ecosistema innovador de Valpara\u00edso.<\/p>\n<p style=\"text-align: justify;\">El programa estar\u00e1 dirigido por C\u00e9sar Hidalgo, PhD en F\u00edsica de la Universidad de Notre Dame y el profesor asociado m\u00e1s joven del MIT Media Lab; y Carlos Rodr\u00edguez-Sickert, PhD en Econom\u00eda de la Universidad de Cambridge, director del CICS-UDD y profesor en la Facultad de Gobierno de la misma universidad.<\/p>\n<p style=\"text-align: justify;\">Cesar Hidalgo, destac\u00f3 el trabajo que se generar\u00e1 en iF Valpara\u00edso 3IE se\u00f1alando que \u201cel espacio re\u00fane las condiciones que necesitamos para concentrarnos en los distintos art\u00edculos acad\u00e9micos y proyectos que estamos trabajando. Este a\u00f1o hay j\u00f3venes de India, China, Portugal, Arabia Saudita y otros lugares del mundo que se sienten motivados en esta infraestructura, ubicada en el coraz\u00f3n de Valpara\u00edso, con vista a todo el puerto. Una de las razones por las que volvimos fue porque los estudiantes del a\u00f1o anterior convencieron a los de este a\u00f1o ya que fue una experiencia muy enriquecedora para ellos\u201d.<\/p>\n<p style=\"text-align: justify;\">Mauricio Cifuentes, coordinador de iF Valpara\u00edso 3IE, por su parte, hizo referencia a la relevancia de esta visita. \u201cEsto potencia a Valpara\u00edso como ciudad, ya que el MIT, que puede escoger miles de lugares en el mundo, vuelve a Valpara\u00edso para trabajar. Creemos que eso es una muestra m\u00e1s del alto potencial que tenemos\u201d, dijo. Agreg\u00f3 que \u201cel B4 este a\u00f1o tratar\u00e1 tem\u00e1ticas de neurociencia y big data. Muchas universidades e investigadores de la regi\u00f3n tambi\u00e9n est\u00e1n desarrollando proyectos relacionados. Queremos generar v\u00ednculos para potenciarlos e interrelacionarlos\u201d.<\/p>\n<p style=\"text-align: justify;\">El Research Camp de este a\u00f1o finalizar\u00e1 con un evento abierto de cierre el 31 de enero en el Teatro IF ubicado en Santiago, encuentro ser\u00e1n presentados los resultados obtenido por el Media Lab MIT.<\/p>\n<p style=\"text-align: justify;\">Ver nota publicada: <a href=\"http:\/\/www.estrategia.cl\/21460\/Titulo\" target=\"_blank\">http:\/\/www.estrategia.cl\/21460\/Titulo<\/a><\/p>\n","protected":false},"excerpt":{"rendered":"<p>Por segundo a\u00f1o consecutivo, iF Valpara\u00edso 3IE recibe la visita del Research Camp, programa de postgrado en Complejidad Social realizado por el Media Lab Macro Connections Group del Massachusetts Institute of Technology (MIT) y el Centro de Investigaci\u00f3n de Complejidad Social de la Universidad del Desarrollo (CICS- UDD). Durante enero, el programa que este a\u00f1o [&hellip;]<\/p>\n","protected":false},"author":22,"featured_media":893,"comment_status":"open","ping_status":"open","sticky":false,"template":"","format":"standard","meta":{"footnotes":""},"categories":[10162],"tags":[],"class_list":["post-2680","post","type-post","status-publish","format-standard","has-post-thumbnail","hentry","category-centro-en-la-prensa"],"featured_image_url":"https:\/\/gobierno.udd.cl\/cpp\/files\/2015\/05\/udd_cpp_prensa_340.png","_links":{"self":[{"href":"https:\/\/gobierno.udd.cl\/cpp\/wp-json\/wp\/v2\/posts\/2680","targetHints":{"allow":["GET"]}}],"collection":[{"href":"https:\/\/gobierno.udd.cl\/cpp\/wp-json\/wp\/v2\/posts"}],"about":[{"href":"https:\/\/gobierno.udd.cl\/cpp\/wp-json\/wp\/v2\/types\/post"}],"author":[{"embeddable":true,"href":"https:\/\/gobierno.udd.cl\/cpp\/wp-json\/wp\/v2\/users\/22"}],"replies":[{"embeddable":true,"href":"https:\/\/gobierno.udd.cl\/cpp\/wp-json\/wp\/v2\/comments?post=2680"}],"version-history":[{"count":3,"href":"https:\/\/gobierno.udd.cl\/cpp\/wp-json\/wp\/v2\/posts\/2680\/revisions"}],"predecessor-version":[{"id":2683,"href":"https:\/\/gobierno.udd.cl\/cpp\/wp-json\/wp\/v2\/posts\/2680\/revisions\/2683"}],"wp:featuredmedia":[{"embeddable":true,"href":"https:\/\/gobierno.udd.cl\/cpp\/wp-json\/wp\/v2\/media\/893"}],"wp:attachment":[{"href":"https:\/\/gobierno.udd.cl\/cpp\/wp-json\/wp\/v2\/media?parent=2680"}],"wp:term":[{"taxonomy":"category","embeddable":true,"href":"https:\/\/gobierno.udd.cl\/cpp\/wp-json\/wp\/v2\/categories?post=2680"},{"taxonomy":"post_tag","embeddable":true,"href":"https:\/\/gobierno.udd.cl\/cpp\/wp-json\/wp\/v2\/tags?post=2680"}],"curies":[{"name":"wp","href":"https:\/\/api.w.org\/{rel}","templated":true}]}}