{"id":2663,"date":"2017-01-18T23:00:37","date_gmt":"2017-01-19T02:00:37","guid":{"rendered":"http:\/\/gobierno.udd.cl\/cpp\/?p=2663"},"modified":"2017-01-18T23:01:29","modified_gmt":"2017-01-19T02:01:29","slug":"gobierno-y-ministro-fernandez-son-reprobados-por-manejo-en-la-araucania","status":"publish","type":"post","link":"https:\/\/gobierno.udd.cl\/cpp\/noticias\/2017\/01\/18\/gobierno-y-ministro-fernandez-son-reprobados-por-manejo-en-la-araucania\/","title":{"rendered":"Gobierno y ministro Fern\u00e1ndez son reprobados por manejo en La Araucan\u00eda"},"content":{"rendered":"<p style=\"text-align: justify;\"><a href=\"http:\/\/gobierno.udd.cl\/cpp\/files\/2017\/01\/Encuesta15.jpg\" rel=\"attachment wp-att-2664\"><img loading=\"lazy\" decoding=\"async\" class=\"alignnone wp-image-2664 size-medium\" src=\"http:\/\/gobierno.udd.cl\/cpp\/files\/2017\/01\/Encuesta15-300x149.jpg\" alt=\"Encuesta15\" width=\"300\" height=\"149\" srcset=\"https:\/\/gobierno.udd.cl\/cpp\/files\/2017\/01\/Encuesta15-300x149.jpg 300w, https:\/\/gobierno.udd.cl\/cpp\/files\/2017\/01\/Encuesta15-768x381.jpg 768w, https:\/\/gobierno.udd.cl\/cpp\/files\/2017\/01\/Encuesta15.jpg 934w\" sizes=\"auto, (max-width: 300px) 100vw, 300px\" \/><\/a>En la semana en que se aprob\u00f3 la interpelaci\u00f3n al ministro del Interior, la encuesta -que se realiza v\u00eda mensaje de texto a un panel de habitantes del Gran Santiago previamente seleccionados de modo aleatorio- muestra que un 66% cree que Fern\u00e1ndez ha actuado \u00abmal\u00bb o \u00abmuy mal\u00bb frente a la violencia en la zona.<\/p>\n<p style=\"text-align: justify;\">Ver papel digital: <strong><a href=\"http:\/\/impresa.elmercurio.com\/Pages\/NewsDetail.aspx?dt=2017-01-15&amp;dtB=16-01-2017%200:00:00&amp;PaginaId=13&amp;bodyid=10\" target=\"_blank\">El Mercurio<\/a><\/strong><\/p>\n","protected":false},"excerpt":{"rendered":"<p>En la semana en que se aprob\u00f3 la interpelaci\u00f3n al ministro del Interior, la encuesta -que se realiza v\u00eda mensaje de texto a un panel de habitantes del Gran Santiago previamente seleccionados de modo aleatorio- muestra que un 66% cree que Fern\u00e1ndez ha actuado \u00abmal\u00bb o \u00abmuy mal\u00bb frente a la violencia en la zona. [&hellip;]<\/p>\n","protected":false},"author":22,"featured_media":893,"comment_status":"open","ping_status":"open","sticky":false,"template":"","format":"standard","meta":{"footnotes":""},"categories":[12124],"tags":[],"class_list":["post-2663","post","type-post","status-publish","format-standard","has-post-thumbnail","hentry","category-panel-ciudadano"],"featured_image_url":"https:\/\/gobierno.udd.cl\/cpp\/files\/2015\/05\/udd_cpp_prensa_340.png","_links":{"self":[{"href":"https:\/\/gobierno.udd.cl\/cpp\/wp-json\/wp\/v2\/posts\/2663","targetHints":{"allow":["GET"]}}],"collection":[{"href":"https:\/\/gobierno.udd.cl\/cpp\/wp-json\/wp\/v2\/posts"}],"about":[{"href":"https:\/\/gobierno.udd.cl\/cpp\/wp-json\/wp\/v2\/types\/post"}],"author":[{"embeddable":true,"href":"https:\/\/gobierno.udd.cl\/cpp\/wp-json\/wp\/v2\/users\/22"}],"replies":[{"embeddable":true,"href":"https:\/\/gobierno.udd.cl\/cpp\/wp-json\/wp\/v2\/comments?post=2663"}],"version-history":[{"count":3,"href":"https:\/\/gobierno.udd.cl\/cpp\/wp-json\/wp\/v2\/posts\/2663\/revisions"}],"predecessor-version":[{"id":2667,"href":"https:\/\/gobierno.udd.cl\/cpp\/wp-json\/wp\/v2\/posts\/2663\/revisions\/2667"}],"wp:featuredmedia":[{"embeddable":true,"href":"https:\/\/gobierno.udd.cl\/cpp\/wp-json\/wp\/v2\/media\/893"}],"wp:attachment":[{"href":"https:\/\/gobierno.udd.cl\/cpp\/wp-json\/wp\/v2\/media?parent=2663"}],"wp:term":[{"taxonomy":"category","embeddable":true,"href":"https:\/\/gobierno.udd.cl\/cpp\/wp-json\/wp\/v2\/categories?post=2663"},{"taxonomy":"post_tag","embeddable":true,"href":"https:\/\/gobierno.udd.cl\/cpp\/wp-json\/wp\/v2\/tags?post=2663"}],"curies":[{"name":"wp","href":"https:\/\/api.w.org\/{rel}","templated":true}]}}