{"id":2660,"date":"2017-01-18T22:56:07","date_gmt":"2017-01-19T01:56:07","guid":{"rendered":"http:\/\/gobierno.udd.cl\/cpp\/?p=2660"},"modified":"2017-01-18T22:56:07","modified_gmt":"2017-01-19T01:56:07","slug":"chilenos-descartan-mejoramiento-economico-del-pais-en-2017","status":"publish","type":"post","link":"https:\/\/gobierno.udd.cl\/cpp\/noticias\/2017\/01\/18\/chilenos-descartan-mejoramiento-economico-del-pais-en-2017\/","title":{"rendered":"Chilenos descartan mejoramiento econ\u00f3mico del pa\u00eds en 2017"},"content":{"rendered":"<p style=\"text-align: justify;\"><span class=\"arial12\"><a href=\"http:\/\/gobierno.udd.cl\/cpp\/files\/2017\/01\/Encuesta14.jpg\" rel=\"attachment wp-att-2661\"><img loading=\"lazy\" decoding=\"async\" class=\"size-medium wp-image-2661 alignleft\" src=\"http:\/\/gobierno.udd.cl\/cpp\/files\/2017\/01\/Encuesta14-300x125.jpg\" alt=\"Encuesta14\" width=\"300\" height=\"125\" srcset=\"https:\/\/gobierno.udd.cl\/cpp\/files\/2017\/01\/Encuesta14-300x125.jpg 300w, https:\/\/gobierno.udd.cl\/cpp\/files\/2017\/01\/Encuesta14-768x319.jpg 768w, https:\/\/gobierno.udd.cl\/cpp\/files\/2017\/01\/Encuesta14.jpg 927w\" sizes=\"auto, (max-width: 300px) 100vw, 300px\" \/><\/a>Pocas sonrisas dej\u00f3 el \u00faltimo Informe de Pol\u00edtica Monetaria (IPOM) entregado por el Banco Central el pasado 19. El instituto emisor baj\u00f3 entonces su proyecci\u00f3n de crecimiento para 2017, situ\u00e1ndola en un rango de 1,5% a 2,5%, con lo cual confirm\u00f3 la pesimista visi\u00f3n de quienes ven todav\u00eda lejano un repunte econ\u00f3mico significativo. Un juicio no muy distinto del que parece tambi\u00e9n imperar en la ciudadan\u00eda, seg\u00fan muestra la \u00faltima encuesta Panel Ciudadano-Universidad del Desarrollo.<\/span><\/p>\n<p style=\"text-align: justify;\"><span class=\"arial12\">El estudio auscult\u00f3 las expectativas econ\u00f3micas de los habitantes del Gran Santiago, y sus resultados confirman lo que se ha vuelto una constante en distintas encuestas: el contraste entre una mirada pesimista a la situaci\u00f3n del pa\u00eds y una visi\u00f3n mucho m\u00e1s positiva respecto de las perspectivas personales.<\/span><\/p>\n<p style=\"text-align: justify;\"><span class=\"arial12\">As\u00ed, mientras que la mayor\u00eda de los consultados estim\u00f3 que durante el pr\u00f3ximo a\u00f1o la situaci\u00f3n econ\u00f3mica de Chile se mantendr\u00e1 igual, las cosas cambiaron al preguntar por las expectativas personales: aqu\u00ed la opci\u00f3n que registr\u00f3 mayor adhesi\u00f3n fue la de que durante 2017 las situaci\u00f3n econ\u00f3mica propia ser\u00e1 mejor que este a\u00f1o.<\/span><\/p>\n<p style=\"text-align: justify;\"><strong><span class=\"arial12\">Ficha t\u00e9cnica<\/span><\/strong><\/p>\n<p style=\"text-align: justify;\"><span class=\"arial12\">La encuesta Panel Ciudadano-UDD tiene como universo a todos los habitantes del Gran Santiago. La muestra se conform\u00f3 seleccionando aleatoriamente un panel de encuestados, quienes luego fueron entrevistados personalmente y registraron sus tel\u00e9fonos celulares. Cada semana se les env\u00eda a estos una pregunta que deben responder v\u00eda mensaje de texto.<\/span><\/p>\n<p style=\"text-align: justify;\"><span class=\"arial12\">En el caso de la consulta de esta semana, fue realizada entre las 16:00 y las 18:30 horas del jueves 29, recibi\u00e9ndose un total de 708 respuestas, lo que da un margen de error de +\/- 3,7% para un 95% de nivel de confianza.<\/span><\/p>\n<p style=\"text-align: justify;\">Ver papel digital: <strong><a href=\"http:\/\/impresa.elmercurio.com\/Pages\/NewsDetail.aspx?dt=2016-12-31&amp;dtB=31-12-2016%200:00:00&amp;PaginaId=10&amp;bodyid=10\" target=\"_blank\">El Mercurio<\/a><\/strong><\/p>\n","protected":false},"excerpt":{"rendered":"<p>Encuesta muestra que la mayor\u00eda de los consultados estima que la situaci\u00f3n de Chile se mantendr\u00e1 \u00abigual\u00bb a la del a\u00f1o que termina. En cambio, las expectativas personales son altas: el 46% cree que su propia situaci\u00f3n econ\u00f3mica mejorar\u00e1 durante los pr\u00f3ximos 12 meses. Estudio se efectu\u00f3 luego de conocidos los \u00faltimos ajustes en las proyecciones del Banco Central. <\/p>\n","protected":false},"author":22,"featured_media":893,"comment_status":"open","ping_status":"open","sticky":false,"template":"","format":"standard","meta":{"footnotes":""},"categories":[12124],"tags":[],"class_list":["post-2660","post","type-post","status-publish","format-standard","has-post-thumbnail","hentry","category-panel-ciudadano"],"featured_image_url":"https:\/\/gobierno.udd.cl\/cpp\/files\/2015\/05\/udd_cpp_prensa_340.png","_links":{"self":[{"href":"https:\/\/gobierno.udd.cl\/cpp\/wp-json\/wp\/v2\/posts\/2660","targetHints":{"allow":["GET"]}}],"collection":[{"href":"https:\/\/gobierno.udd.cl\/cpp\/wp-json\/wp\/v2\/posts"}],"about":[{"href":"https:\/\/gobierno.udd.cl\/cpp\/wp-json\/wp\/v2\/types\/post"}],"author":[{"embeddable":true,"href":"https:\/\/gobierno.udd.cl\/cpp\/wp-json\/wp\/v2\/users\/22"}],"replies":[{"embeddable":true,"href":"https:\/\/gobierno.udd.cl\/cpp\/wp-json\/wp\/v2\/comments?post=2660"}],"version-history":[{"count":1,"href":"https:\/\/gobierno.udd.cl\/cpp\/wp-json\/wp\/v2\/posts\/2660\/revisions"}],"predecessor-version":[{"id":2662,"href":"https:\/\/gobierno.udd.cl\/cpp\/wp-json\/wp\/v2\/posts\/2660\/revisions\/2662"}],"wp:featuredmedia":[{"embeddable":true,"href":"https:\/\/gobierno.udd.cl\/cpp\/wp-json\/wp\/v2\/media\/893"}],"wp:attachment":[{"href":"https:\/\/gobierno.udd.cl\/cpp\/wp-json\/wp\/v2\/media?parent=2660"}],"wp:term":[{"taxonomy":"category","embeddable":true,"href":"https:\/\/gobierno.udd.cl\/cpp\/wp-json\/wp\/v2\/categories?post=2660"},{"taxonomy":"post_tag","embeddable":true,"href":"https:\/\/gobierno.udd.cl\/cpp\/wp-json\/wp\/v2\/tags?post=2660"}],"curies":[{"name":"wp","href":"https:\/\/api.w.org\/{rel}","templated":true}]}}