{"id":2658,"date":"2017-01-18T22:52:09","date_gmt":"2017-01-19T01:52:09","guid":{"rendered":"http:\/\/gobierno.udd.cl\/cpp\/?p=2658"},"modified":"2017-01-18T22:52:09","modified_gmt":"2017-01-19T01:52:09","slug":"el-65-de-los-chilenos-hara-peores-regalos-de-navidad-este-ano","status":"publish","type":"post","link":"https:\/\/gobierno.udd.cl\/cpp\/noticias\/2017\/01\/18\/el-65-de-los-chilenos-hara-peores-regalos-de-navidad-este-ano\/","title":{"rendered":"El 65% de los chilenos har\u00e1 \u00abpeores\u00bb regalos de navidad este a\u00f1o"},"content":{"rendered":"<p style=\"text-align: justify;\">La celebraci\u00f3n de Navidad, que muchas personas esperan con ansias para compartir presentes con sus familiares y cercanos, podr\u00eda dejar un sabor amargo este a\u00f1o. Particularmente, en cuanto a la calidad de los regalos.<\/p>\n<p style=\"text-align: justify;\">Y es que, seg\u00fan una encuesta elaborada por el Panel Ciudadano de la <span class=\"highlight\">Universidad<\/span> <span class=\"highlight\">del<\/span> <span class=\"highlight\">Desarrollo<\/span>, los chilenos no tendr\u00edan la mejor disposici\u00f3n para invertir en buenos obsequios en esta ocasi\u00f3n. Tampoco estar\u00edan sinti\u00e9ndose conformes con las opciones que est\u00e1n en el mercado para acceder a buenas alternativas. Todo esto, considerando la actual situaci\u00f3n econ\u00f3mica por la que pasan.<\/p>\n<p style=\"text-align: justify;\">En ese contexto, la encuesta que midi\u00f3 a 883 hombres y mujeres mayores de 18 a\u00f1os, residentes del Gran Santiago, no arroj\u00f3 ning\u00fan resultado positivo. En concreto, el 65% se\u00f1al\u00f3 que har\u00eda peores regalos este a\u00f1o respecto a los que hizo en 2015.<\/p>\n<p style=\"text-align: justify;\">Un indicador no mucho mejor fue el que se obtuvo frente a la pregunta que hac\u00eda alusi\u00f3n a las ofertas de regalos que se hab\u00eda tenido este a\u00f1o en el comercio. As\u00ed, el 57% de los encuestados indic\u00f3 que en esta oportunidad las rebajas para comprar hab\u00edan sido peores que las del a\u00f1o pasado.<\/p>\n<p style=\"text-align: justify;\">Una tercera pregunta, que podr\u00eda haber reflejado el optimismo de los encuestados, tampoco tuvo una mejor\u00eda en las respuestas. Y es que consultados por si cre\u00edan que esta noche recibir\u00edan mejores presentes que en 2015, m\u00e1s de la mitad de las personas indicaron que pensaban que, al contrario, estos ser\u00e1n peores que el a\u00f1o pasado.<\/p>\n<p style=\"text-align: justify;\"><b>35% <\/b><b>de los chilenos har\u00e1n mejores regalos esta Navidad<\/b> , respecto a los que hicieron en 2015, considerando su actual situaci\u00f3n econ\u00f3mica. El 65% restante har\u00e1n \u201cpeores\u201d obsequios.<\/p>\n<p style=\"text-align: justify;\"><b>57% <\/b><b>de las personas consideran que las ofertas<\/b> a las que pudieron acceder este a\u00f1o en el comercio fueron peores a las rebajas que encontraron el a\u00f1o pasado. El otro 43%, en cambio, cree que estas fueron mejores en esta oportunidad.<\/p>\n<p style=\"text-align: justify;\"><b>60% <\/b><b>de los encuestados creen que esta vez recibir\u00e1n peores regalos<\/b> , respecto a los que les obsequiaron en 2015. La otra parte, correspondiente al 40%, piensa que los presentes ser\u00e1n mejores.<\/p>\n<p style=\"text-align: justify;\">Pinchar sobre a imagen para ver nota publicada:<\/p>\n<p style=\"text-align: justify;\"><a href=\"https:\/\/goo.gl\/IuXcKj\" target=\"_blank\"><img loading=\"lazy\" decoding=\"async\" class=\"size-medium wp-image-16109\" src=\"http:\/\/gobierno.udd.cl\/files\/2017\/01\/el_mercurio_02-160x300.png\" alt=\"el_mercurio_02\" width=\"160\" height=\"300\" \/><\/a><\/p>\n","protected":false},"excerpt":{"rendered":"<p>La celebraci\u00f3n de Navidad, que muchas personas esperan con ansias para compartir presentes con sus familiares y cercanos, podr\u00eda dejar un sabor amargo este a\u00f1o. Particularmente, en cuanto a la calidad de los regalos. Y es que, seg\u00fan una encuesta elaborada por el Panel Ciudadano de la Universidad del Desarrollo, los chilenos no tendr\u00edan la [&hellip;]<\/p>\n","protected":false},"author":22,"featured_media":893,"comment_status":"open","ping_status":"open","sticky":false,"template":"","format":"standard","meta":{"footnotes":""},"categories":[12124],"tags":[],"class_list":["post-2658","post","type-post","status-publish","format-standard","has-post-thumbnail","hentry","category-panel-ciudadano"],"featured_image_url":"https:\/\/gobierno.udd.cl\/cpp\/files\/2015\/05\/udd_cpp_prensa_340.png","_links":{"self":[{"href":"https:\/\/gobierno.udd.cl\/cpp\/wp-json\/wp\/v2\/posts\/2658","targetHints":{"allow":["GET"]}}],"collection":[{"href":"https:\/\/gobierno.udd.cl\/cpp\/wp-json\/wp\/v2\/posts"}],"about":[{"href":"https:\/\/gobierno.udd.cl\/cpp\/wp-json\/wp\/v2\/types\/post"}],"author":[{"embeddable":true,"href":"https:\/\/gobierno.udd.cl\/cpp\/wp-json\/wp\/v2\/users\/22"}],"replies":[{"embeddable":true,"href":"https:\/\/gobierno.udd.cl\/cpp\/wp-json\/wp\/v2\/comments?post=2658"}],"version-history":[{"count":1,"href":"https:\/\/gobierno.udd.cl\/cpp\/wp-json\/wp\/v2\/posts\/2658\/revisions"}],"predecessor-version":[{"id":2659,"href":"https:\/\/gobierno.udd.cl\/cpp\/wp-json\/wp\/v2\/posts\/2658\/revisions\/2659"}],"wp:featuredmedia":[{"embeddable":true,"href":"https:\/\/gobierno.udd.cl\/cpp\/wp-json\/wp\/v2\/media\/893"}],"wp:attachment":[{"href":"https:\/\/gobierno.udd.cl\/cpp\/wp-json\/wp\/v2\/media?parent=2658"}],"wp:term":[{"taxonomy":"category","embeddable":true,"href":"https:\/\/gobierno.udd.cl\/cpp\/wp-json\/wp\/v2\/categories?post=2658"},{"taxonomy":"post_tag","embeddable":true,"href":"https:\/\/gobierno.udd.cl\/cpp\/wp-json\/wp\/v2\/tags?post=2658"}],"curies":[{"name":"wp","href":"https:\/\/api.w.org\/{rel}","templated":true}]}}