{"id":2655,"date":"2017-01-18T22:45:36","date_gmt":"2017-01-19T01:45:36","guid":{"rendered":"http:\/\/gobierno.udd.cl\/cpp\/?p=2655"},"modified":"2017-01-18T22:45:36","modified_gmt":"2017-01-19T01:45:36","slug":"panel-ciudadano-udd-mide-la-controversia-por-enfermos-que-cumplen-condenas","status":"publish","type":"post","link":"https:\/\/gobierno.udd.cl\/cpp\/noticias\/2017\/01\/18\/panel-ciudadano-udd-mide-la-controversia-por-enfermos-que-cumplen-condenas\/","title":{"rendered":"Panel Ciudadano-UDD mide la controversia por enfermos que cumplen condenas"},"content":{"rendered":"<p><a href=\"http:\/\/gobierno.udd.cl\/cpp\/files\/2017\/01\/Encuesta13.jpg\" rel=\"attachment wp-att-2656\"><img loading=\"lazy\" decoding=\"async\" class=\"size-medium wp-image-2656 alignleft\" src=\"http:\/\/gobierno.udd.cl\/cpp\/files\/2017\/01\/Encuesta13-300x162.jpg\" alt=\"Encuesta13\" width=\"300\" height=\"162\" srcset=\"https:\/\/gobierno.udd.cl\/cpp\/files\/2017\/01\/Encuesta13-300x162.jpg 300w, https:\/\/gobierno.udd.cl\/cpp\/files\/2017\/01\/Encuesta13-768x415.jpg 768w, https:\/\/gobierno.udd.cl\/cpp\/files\/2017\/01\/Encuesta13.jpg 853w\" sizes=\"auto, (max-width: 300px) 100vw, 300px\" \/><\/a>La encuesta considera como universo a los hombres y mujeres de 18 a\u00f1os residentes en el Gran Santiago. Para ello se elabor\u00f3 una muestra de 1.200 panelistas, seleccionados aleatoriamente en cada una de las etapas. Estos fueron inscritos mediante un trabajo de campo que se desarroll\u00f3 durante 5 meses, en los cu\u00e1les cada miembro del panel fue entrevistado para el an\u00e1lisis de segmentaci\u00f3n base&#8230;<\/p>\n<p>Ver papel digital: <strong><a href=\"http:\/\/impresa.elmercurio.com\/Pages\/NewsDetail.aspx?dt=2016-12-18&amp;dtB=20-12-2016%200:00:00&amp;PaginaId=15&amp;bodyid=10\" target=\"_blank\">El Mercurio<\/a><\/strong><\/p>\n","protected":false},"excerpt":{"rendered":"<p>La encuesta considera como universo a los hombres y mujeres de 18 a\u00f1os residentes en el Gran Santiago. Para ello se elabor\u00f3 una muestra de 1.200 panelistas, seleccionados aleatoriamente en cada una de las etapas. Estos fueron inscritos mediante un trabajo de campo que se desarroll\u00f3 durante 5 meses, en los cu\u00e1les cada miembro del [&hellip;]<\/p>\n","protected":false},"author":22,"featured_media":893,"comment_status":"open","ping_status":"open","sticky":false,"template":"","format":"standard","meta":{"footnotes":""},"categories":[12124],"tags":[],"class_list":["post-2655","post","type-post","status-publish","format-standard","has-post-thumbnail","hentry","category-panel-ciudadano"],"featured_image_url":"https:\/\/gobierno.udd.cl\/cpp\/files\/2015\/05\/udd_cpp_prensa_340.png","_links":{"self":[{"href":"https:\/\/gobierno.udd.cl\/cpp\/wp-json\/wp\/v2\/posts\/2655","targetHints":{"allow":["GET"]}}],"collection":[{"href":"https:\/\/gobierno.udd.cl\/cpp\/wp-json\/wp\/v2\/posts"}],"about":[{"href":"https:\/\/gobierno.udd.cl\/cpp\/wp-json\/wp\/v2\/types\/post"}],"author":[{"embeddable":true,"href":"https:\/\/gobierno.udd.cl\/cpp\/wp-json\/wp\/v2\/users\/22"}],"replies":[{"embeddable":true,"href":"https:\/\/gobierno.udd.cl\/cpp\/wp-json\/wp\/v2\/comments?post=2655"}],"version-history":[{"count":1,"href":"https:\/\/gobierno.udd.cl\/cpp\/wp-json\/wp\/v2\/posts\/2655\/revisions"}],"predecessor-version":[{"id":2657,"href":"https:\/\/gobierno.udd.cl\/cpp\/wp-json\/wp\/v2\/posts\/2655\/revisions\/2657"}],"wp:featuredmedia":[{"embeddable":true,"href":"https:\/\/gobierno.udd.cl\/cpp\/wp-json\/wp\/v2\/media\/893"}],"wp:attachment":[{"href":"https:\/\/gobierno.udd.cl\/cpp\/wp-json\/wp\/v2\/media?parent=2655"}],"wp:term":[{"taxonomy":"category","embeddable":true,"href":"https:\/\/gobierno.udd.cl\/cpp\/wp-json\/wp\/v2\/categories?post=2655"},{"taxonomy":"post_tag","embeddable":true,"href":"https:\/\/gobierno.udd.cl\/cpp\/wp-json\/wp\/v2\/tags?post=2655"}],"curies":[{"name":"wp","href":"https:\/\/api.w.org\/{rel}","templated":true}]}}