{"id":2650,"date":"2017-01-18T22:33:21","date_gmt":"2017-01-19T01:33:21","guid":{"rendered":"http:\/\/gobierno.udd.cl\/cpp\/?p=2650"},"modified":"2017-01-18T22:37:12","modified_gmt":"2017-01-19T01:37:12","slug":"10-historias-de-la-nueva-mayoria-en-su-semana-mas-critica","status":"publish","type":"post","link":"https:\/\/gobierno.udd.cl\/cpp\/noticias\/2017\/01\/18\/10-historias-de-la-nueva-mayoria-en-su-semana-mas-critica\/","title":{"rendered":"10 historias de la Nueva Mayor\u00eda en su semana m\u00e1s cr\u00edtica"},"content":{"rendered":"<p style=\"text-align: justify;\"><a href=\"http:\/\/gobierno.udd.cl\/cpp\/files\/2017\/01\/Encuesta12.jpg\" rel=\"attachment wp-att-2651\"><img loading=\"lazy\" decoding=\"async\" class=\"size-medium wp-image-2651 alignleft\" src=\"http:\/\/gobierno.udd.cl\/cpp\/files\/2017\/01\/Encuesta12-300x273.jpg\" alt=\"Encuesta12\" width=\"300\" height=\"273\" srcset=\"https:\/\/gobierno.udd.cl\/cpp\/files\/2017\/01\/Encuesta12-300x273.jpg 300w, https:\/\/gobierno.udd.cl\/cpp\/files\/2017\/01\/Encuesta12.jpg 356w\" sizes=\"auto, (max-width: 300px) 100vw, 300px\" \/><\/a>Una llamada de emergencia a los militantes de la Nueva\u00a0Izquierda Socialista permiti\u00f3 que la Presidenta apareciera \u00abacompa\u00f1ada\u00bb al momento de leer su discurso luego del resultado municipal. Antes, en las oficinas de su fundaci\u00f3n, Ricardo Lagos preguntaba: \u00ab\u00bfD\u00f3nde est\u00e1 Carola?\u00bb, impactado por la derrota de su ahijada pol\u00edtica. EN el PS, en tanto, en solo dos horas se vinieron abajo las expectativas (y las opciones de Isabel Allende). Son algunos de los episodios vividos por el oficialismo en los d\u00edas del terremoto electoral.<\/p>\n<p style=\"text-align: justify;\">Ver papel digital: <strong><a href=\"http:\/\/impresa.elmercurio.com\/Pages\/NewsDetail.aspx?dt=2016-10-30&amp;dtB=30-10-2016%200:00:00&amp;PaginaId=1&amp;bodyid=10\" target=\"_blank\">El Mercurio.<\/a><\/strong><\/p>\n","protected":false},"excerpt":{"rendered":"<p>Una llamada de emergencia a los militantes de la Nueva\u00a0Izquierda Socialista permiti\u00f3 que la Presidenta apareciera \u00abacompa\u00f1ada\u00bb al momento de leer su discurso luego del resultado municipal. Antes, en las oficinas de su fundaci\u00f3n, Ricardo Lagos preguntaba: \u00ab\u00bfD\u00f3nde est\u00e1 Carola?\u00bb, impactado por la derrota de su ahijada pol\u00edtica. EN el PS, en tanto, en solo [&hellip;]<\/p>\n","protected":false},"author":22,"featured_media":893,"comment_status":"open","ping_status":"open","sticky":false,"template":"","format":"standard","meta":{"footnotes":""},"categories":[12124],"tags":[],"class_list":["post-2650","post","type-post","status-publish","format-standard","has-post-thumbnail","hentry","category-panel-ciudadano"],"featured_image_url":"https:\/\/gobierno.udd.cl\/cpp\/files\/2015\/05\/udd_cpp_prensa_340.png","_links":{"self":[{"href":"https:\/\/gobierno.udd.cl\/cpp\/wp-json\/wp\/v2\/posts\/2650","targetHints":{"allow":["GET"]}}],"collection":[{"href":"https:\/\/gobierno.udd.cl\/cpp\/wp-json\/wp\/v2\/posts"}],"about":[{"href":"https:\/\/gobierno.udd.cl\/cpp\/wp-json\/wp\/v2\/types\/post"}],"author":[{"embeddable":true,"href":"https:\/\/gobierno.udd.cl\/cpp\/wp-json\/wp\/v2\/users\/22"}],"replies":[{"embeddable":true,"href":"https:\/\/gobierno.udd.cl\/cpp\/wp-json\/wp\/v2\/comments?post=2650"}],"version-history":[{"count":3,"href":"https:\/\/gobierno.udd.cl\/cpp\/wp-json\/wp\/v2\/posts\/2650\/revisions"}],"predecessor-version":[{"id":2654,"href":"https:\/\/gobierno.udd.cl\/cpp\/wp-json\/wp\/v2\/posts\/2650\/revisions\/2654"}],"wp:featuredmedia":[{"embeddable":true,"href":"https:\/\/gobierno.udd.cl\/cpp\/wp-json\/wp\/v2\/media\/893"}],"wp:attachment":[{"href":"https:\/\/gobierno.udd.cl\/cpp\/wp-json\/wp\/v2\/media?parent=2650"}],"wp:term":[{"taxonomy":"category","embeddable":true,"href":"https:\/\/gobierno.udd.cl\/cpp\/wp-json\/wp\/v2\/categories?post=2650"},{"taxonomy":"post_tag","embeddable":true,"href":"https:\/\/gobierno.udd.cl\/cpp\/wp-json\/wp\/v2\/tags?post=2650"}],"curies":[{"name":"wp","href":"https:\/\/api.w.org\/{rel}","templated":true}]}}