{"id":2645,"date":"2017-01-18T22:20:00","date_gmt":"2017-01-19T01:20:00","guid":{"rendered":"http:\/\/gobierno.udd.cl\/cpp\/?p=2645"},"modified":"2017-01-18T22:20:35","modified_gmt":"2017-01-19T01:20:35","slug":"panel-ciudadano-detecta-alto-escepticismo-frente-al-cambio-de-gabinete","status":"publish","type":"post","link":"https:\/\/gobierno.udd.cl\/cpp\/noticias\/2017\/01\/18\/panel-ciudadano-detecta-alto-escepticismo-frente-al-cambio-de-gabinete\/","title":{"rendered":"Panel Ciudadano detecta alto escepticismo frente al cambio de gabinete"},"content":{"rendered":"<p style=\"text-align: justify;\"><a href=\"http:\/\/gobierno.udd.cl\/cpp\/files\/2017\/01\/Encuesta10.jpg\" rel=\"attachment wp-att-2646\"><img loading=\"lazy\" decoding=\"async\" class=\"size-medium wp-image-2646 alignleft\" src=\"http:\/\/gobierno.udd.cl\/cpp\/files\/2017\/01\/Encuesta10-199x300.jpg\" alt=\"Encuesta10\" width=\"199\" height=\"300\" srcset=\"https:\/\/gobierno.udd.cl\/cpp\/files\/2017\/01\/Encuesta10-199x300.jpg 199w, https:\/\/gobierno.udd.cl\/cpp\/files\/2017\/01\/Encuesta10.jpg 435w\" sizes=\"auto, (max-width: 199px) 100vw, 199px\" \/><\/a>Luego del esperado cambio de gabinete, s\u00f3lo 1 de cada 3 panelistas cree que generar\u00e1 un impacto positivo en el pa\u00eds.<\/p>\n<p style=\"text-align: justify;\">En cuanto a la inversi\u00f3n de Bancard en una pesquera peruana, un 43% cree que afectar\u00e1 la posici\u00f3n de Pi\u00f1era como candidato presidencial.<\/p>\n","protected":false},"excerpt":{"rendered":"<p>Luego del esperado cambio de gabinete, s\u00f3lo 1 de cada 3 panelistas cree que generar\u00e1 un impacto positivo en el pa\u00eds. En cuanto a la inversi\u00f3n de Bancard en una pesquera peruana, un 43% cree que afectar\u00e1 la posici\u00f3n de Pi\u00f1era como candidato presidencial.<\/p>\n","protected":false},"author":22,"featured_media":893,"comment_status":"open","ping_status":"open","sticky":false,"template":"","format":"standard","meta":{"footnotes":""},"categories":[12124],"tags":[],"class_list":["post-2645","post","type-post","status-publish","format-standard","has-post-thumbnail","hentry","category-panel-ciudadano"],"featured_image_url":"https:\/\/gobierno.udd.cl\/cpp\/files\/2015\/05\/udd_cpp_prensa_340.png","_links":{"self":[{"href":"https:\/\/gobierno.udd.cl\/cpp\/wp-json\/wp\/v2\/posts\/2645","targetHints":{"allow":["GET"]}}],"collection":[{"href":"https:\/\/gobierno.udd.cl\/cpp\/wp-json\/wp\/v2\/posts"}],"about":[{"href":"https:\/\/gobierno.udd.cl\/cpp\/wp-json\/wp\/v2\/types\/post"}],"author":[{"embeddable":true,"href":"https:\/\/gobierno.udd.cl\/cpp\/wp-json\/wp\/v2\/users\/22"}],"replies":[{"embeddable":true,"href":"https:\/\/gobierno.udd.cl\/cpp\/wp-json\/wp\/v2\/comments?post=2645"}],"version-history":[{"count":1,"href":"https:\/\/gobierno.udd.cl\/cpp\/wp-json\/wp\/v2\/posts\/2645\/revisions"}],"predecessor-version":[{"id":2647,"href":"https:\/\/gobierno.udd.cl\/cpp\/wp-json\/wp\/v2\/posts\/2645\/revisions\/2647"}],"wp:featuredmedia":[{"embeddable":true,"href":"https:\/\/gobierno.udd.cl\/cpp\/wp-json\/wp\/v2\/media\/893"}],"wp:attachment":[{"href":"https:\/\/gobierno.udd.cl\/cpp\/wp-json\/wp\/v2\/media?parent=2645"}],"wp:term":[{"taxonomy":"category","embeddable":true,"href":"https:\/\/gobierno.udd.cl\/cpp\/wp-json\/wp\/v2\/categories?post=2645"},{"taxonomy":"post_tag","embeddable":true,"href":"https:\/\/gobierno.udd.cl\/cpp\/wp-json\/wp\/v2\/tags?post=2645"}],"curies":[{"name":"wp","href":"https:\/\/api.w.org\/{rel}","templated":true}]}}