{"id":2641,"date":"2017-01-18T22:13:24","date_gmt":"2017-01-19T01:13:24","guid":{"rendered":"http:\/\/gobierno.udd.cl\/cpp\/?p=2641"},"modified":"2017-01-18T22:13:24","modified_gmt":"2017-01-19T01:13:24","slug":"la-mayoria-de-los-santiaguinos-califica-de-dictador-al-ex-lider-caribeno","status":"publish","type":"post","link":"https:\/\/gobierno.udd.cl\/cpp\/noticias\/2017\/01\/18\/la-mayoria-de-los-santiaguinos-califica-de-dictador-al-ex-lider-caribeno\/","title":{"rendered":"La mayor\u00eda de los santiaguinos califica de \u00abdictador\u00bb al ex l\u00edder caribe\u00f1o"},"content":{"rendered":"<p style=\"text-align: justify;\"><a href=\"http:\/\/gobierno.udd.cl\/cpp\/files\/2017\/01\/Encuesta9.jpg\" rel=\"attachment wp-att-2642\"><img loading=\"lazy\" decoding=\"async\" class=\"size-medium wp-image-2642 alignleft\" src=\"http:\/\/gobierno.udd.cl\/cpp\/files\/2017\/01\/Encuesta9-211x300.jpg\" alt=\"Encuesta9\" width=\"211\" height=\"300\" srcset=\"https:\/\/gobierno.udd.cl\/cpp\/files\/2017\/01\/Encuesta9-211x300.jpg 211w, https:\/\/gobierno.udd.cl\/cpp\/files\/2017\/01\/Encuesta9.jpg 421w\" sizes=\"auto, (max-width: 211px) 100vw, 211px\" \/><\/a>\u00abUn l\u00edder por la dignidad y la justicia social en Cuba y Am\u00e9rica Latina\u00bb fue la frase con que la Presidenta Michelle Bachelet describi\u00f3 al fallecido Fidel Castro en su cuenta de Twitter, la semana pasada. Pero el calificativo solo lo comparte una minor\u00eda de los ciudadanos, seg\u00fan revela la encuesta realizada por Panel Ciudadano el jueves y viernes pasado, cuyo universo corresponde a los habitantes mayores de edad del Gran Santiago (ver ficha t\u00e9cnica). De acuerdo al estudio, una amplia mayor\u00eda califica a Castro, simplemente, como \u00abun dictador\u00bb.<\/p>\n<p style=\"text-align: justify;\">Ver papel digital: <strong><a href=\"http:\/\/impresa.elmercurio.com\/Pages\/NewsDetail.aspx?dt=04-12-2016%200:00:00&amp;NewsID=452254&amp;dtB=07-12-2016%200:00:00&amp;BodyID=10&amp;PaginaId=2\" target=\"_blank\">El Mercurio<\/a><\/strong><\/p>\n","protected":false},"excerpt":{"rendered":"<p>\u00abUn l\u00edder por la dignidad y la justicia social en Cuba y Am\u00e9rica Latina\u00bb fue la frase con que la Presidenta Michelle Bachelet describi\u00f3 al fallecido Fidel Castro en su cuenta de Twitter, la semana pasada. Pero el calificativo solo lo comparte una minor\u00eda de los ciudadanos, seg\u00fan revela la encuesta realizada por Panel Ciudadano [&hellip;]<\/p>\n","protected":false},"author":22,"featured_media":893,"comment_status":"open","ping_status":"open","sticky":false,"template":"","format":"standard","meta":{"footnotes":""},"categories":[12124],"tags":[],"class_list":["post-2641","post","type-post","status-publish","format-standard","has-post-thumbnail","hentry","category-panel-ciudadano"],"featured_image_url":"https:\/\/gobierno.udd.cl\/cpp\/files\/2015\/05\/udd_cpp_prensa_340.png","_links":{"self":[{"href":"https:\/\/gobierno.udd.cl\/cpp\/wp-json\/wp\/v2\/posts\/2641","targetHints":{"allow":["GET"]}}],"collection":[{"href":"https:\/\/gobierno.udd.cl\/cpp\/wp-json\/wp\/v2\/posts"}],"about":[{"href":"https:\/\/gobierno.udd.cl\/cpp\/wp-json\/wp\/v2\/types\/post"}],"author":[{"embeddable":true,"href":"https:\/\/gobierno.udd.cl\/cpp\/wp-json\/wp\/v2\/users\/22"}],"replies":[{"embeddable":true,"href":"https:\/\/gobierno.udd.cl\/cpp\/wp-json\/wp\/v2\/comments?post=2641"}],"version-history":[{"count":1,"href":"https:\/\/gobierno.udd.cl\/cpp\/wp-json\/wp\/v2\/posts\/2641\/revisions"}],"predecessor-version":[{"id":2643,"href":"https:\/\/gobierno.udd.cl\/cpp\/wp-json\/wp\/v2\/posts\/2641\/revisions\/2643"}],"wp:featuredmedia":[{"embeddable":true,"href":"https:\/\/gobierno.udd.cl\/cpp\/wp-json\/wp\/v2\/media\/893"}],"wp:attachment":[{"href":"https:\/\/gobierno.udd.cl\/cpp\/wp-json\/wp\/v2\/media?parent=2641"}],"wp:term":[{"taxonomy":"category","embeddable":true,"href":"https:\/\/gobierno.udd.cl\/cpp\/wp-json\/wp\/v2\/categories?post=2641"},{"taxonomy":"post_tag","embeddable":true,"href":"https:\/\/gobierno.udd.cl\/cpp\/wp-json\/wp\/v2\/tags?post=2641"}],"curies":[{"name":"wp","href":"https:\/\/api.w.org\/{rel}","templated":true}]}}