{"id":2633,"date":"2017-01-17T19:33:16","date_gmt":"2017-01-17T22:33:16","guid":{"rendered":"http:\/\/gobierno.udd.cl\/cpp\/?p=2633"},"modified":"2017-01-17T19:33:33","modified_gmt":"2017-01-17T22:33:33","slug":"amplio-rechazo-a-eleccion-de-intendentes-sin-definir-atribuciones","status":"publish","type":"post","link":"https:\/\/gobierno.udd.cl\/cpp\/noticias\/2017\/01\/17\/amplio-rechazo-a-eleccion-de-intendentes-sin-definir-atribuciones\/","title":{"rendered":"Amplio rechazo a elecci\u00f3n de intendentes sin definir atribuciones"},"content":{"rendered":"<p style=\"text-align: justify;\"><a href=\"http:\/\/gobierno.udd.cl\/cpp\/files\/2017\/01\/Encuesta7_1.jpg\" rel=\"attachment wp-att-2634\"><img loading=\"lazy\" decoding=\"async\" class=\"size-full wp-image-2634 alignleft\" src=\"http:\/\/gobierno.udd.cl\/cpp\/files\/2017\/01\/Encuesta7_1.jpg\" alt=\"Encuesta7_1\" width=\"289\" height=\"266\" \/><\/a> La decisi\u00f3n esta semana aceptada por el senado, que aprob\u00f3 la elecci\u00f3n de autoridades regionales sin haber resuelto sus atribuciones, suscita alta oposici\u00f3n, seg\u00fan constat\u00f3 la Encuesta Panel Ciudadano-UDD. De acuerdo con el sondeo, el 64% de los habitantes del Gran Santiago se manifiesta en desacuerdo con haber obrado de esa manera.<\/p>\n<p style=\"text-align: justify;\">La reforma cont\u00f3, en sus puntos decisivos, con los votos favorables de 25 congresistas, nueve abstenciones y dos votos en contra, del PS Carlos Montes y del PPD Felipe Harboe.<\/p>\n<p style=\"text-align: justify;\">Ver papel digital: <strong><a href=\"http:\/\/impresa.elmercurio.com\/Pages\/NewsDetail.aspx?dt=2016-10-09&amp;dtB=10-10-2016%200:00:00&amp;PaginaId=1&amp;bodyid=10\" target=\"_blank\">El Mercurio<\/a><\/strong><\/p>\n<p style=\"text-align: justify;\"><a href=\"http:\/\/gobierno.udd.cl\/cpp\/files\/2017\/01\/Encuesta7_2.jpg\" rel=\"attachment wp-att-2635\"><img loading=\"lazy\" decoding=\"async\" class=\"size-medium wp-image-2635 alignleft\" src=\"http:\/\/gobierno.udd.cl\/cpp\/files\/2017\/01\/Encuesta7_2.jpg\" alt=\"Encuesta7_2\" width=\"289\" height=\"215\" \/><\/a><\/p>\n","protected":false},"excerpt":{"rendered":"<p>La decisi\u00f3n esta semana aceptada por el senado, que aprob\u00f3 la elecci\u00f3n de autoridades regionales sin haber resuelto sus atribuciones, suscita alta oposici\u00f3n, seg\u00fan constat\u00f3 la Encuesta Panel Ciudadano-UDD. De acuerdo con el sondeo, el 64% de los habitantes del Gran Santiago se manifiesta en desacuerdo con haber obrado de esa manera. La reforma cont\u00f3, [&hellip;]<\/p>\n","protected":false},"author":22,"featured_media":893,"comment_status":"open","ping_status":"open","sticky":false,"template":"","format":"standard","meta":{"footnotes":""},"categories":[12124],"tags":[],"class_list":["post-2633","post","type-post","status-publish","format-standard","has-post-thumbnail","hentry","category-panel-ciudadano"],"featured_image_url":"https:\/\/gobierno.udd.cl\/cpp\/files\/2015\/05\/udd_cpp_prensa_340.png","_links":{"self":[{"href":"https:\/\/gobierno.udd.cl\/cpp\/wp-json\/wp\/v2\/posts\/2633","targetHints":{"allow":["GET"]}}],"collection":[{"href":"https:\/\/gobierno.udd.cl\/cpp\/wp-json\/wp\/v2\/posts"}],"about":[{"href":"https:\/\/gobierno.udd.cl\/cpp\/wp-json\/wp\/v2\/types\/post"}],"author":[{"embeddable":true,"href":"https:\/\/gobierno.udd.cl\/cpp\/wp-json\/wp\/v2\/users\/22"}],"replies":[{"embeddable":true,"href":"https:\/\/gobierno.udd.cl\/cpp\/wp-json\/wp\/v2\/comments?post=2633"}],"version-history":[{"count":2,"href":"https:\/\/gobierno.udd.cl\/cpp\/wp-json\/wp\/v2\/posts\/2633\/revisions"}],"predecessor-version":[{"id":2637,"href":"https:\/\/gobierno.udd.cl\/cpp\/wp-json\/wp\/v2\/posts\/2633\/revisions\/2637"}],"wp:featuredmedia":[{"embeddable":true,"href":"https:\/\/gobierno.udd.cl\/cpp\/wp-json\/wp\/v2\/media\/893"}],"wp:attachment":[{"href":"https:\/\/gobierno.udd.cl\/cpp\/wp-json\/wp\/v2\/media?parent=2633"}],"wp:term":[{"taxonomy":"category","embeddable":true,"href":"https:\/\/gobierno.udd.cl\/cpp\/wp-json\/wp\/v2\/categories?post=2633"},{"taxonomy":"post_tag","embeddable":true,"href":"https:\/\/gobierno.udd.cl\/cpp\/wp-json\/wp\/v2\/tags?post=2633"}],"curies":[{"name":"wp","href":"https:\/\/api.w.org\/{rel}","templated":true}]}}