{"id":2629,"date":"2017-01-17T19:23:17","date_gmt":"2017-01-17T22:23:17","guid":{"rendered":"http:\/\/gobierno.udd.cl\/cpp\/?p=2629"},"modified":"2017-01-17T19:23:49","modified_gmt":"2017-01-17T22:23:49","slug":"51-de-los-votantes-del-gran-santiago-no-sabe-quienes-son-sus-candidatos-a-alcalde","status":"publish","type":"post","link":"https:\/\/gobierno.udd.cl\/cpp\/noticias\/2017\/01\/17\/51-de-los-votantes-del-gran-santiago-no-sabe-quienes-son-sus-candidatos-a-alcalde\/","title":{"rendered":"51% de los votantes del Gran Santiago no sabe qui\u00e9nes son sus candidatos a alcalde"},"content":{"rendered":"<p style=\"text-align: justify;\"><a href=\"http:\/\/gobierno.udd.cl\/cpp\/files\/2017\/01\/Encuesta6.jpg\" rel=\"attachment wp-att-2630\"><img loading=\"lazy\" decoding=\"async\" class=\"size-medium wp-image-2630 alignleft\" src=\"http:\/\/gobierno.udd.cl\/cpp\/files\/2017\/01\/Encuesta6-300x259.jpg\" alt=\"Encuesta6\" width=\"300\" height=\"259\" srcset=\"https:\/\/gobierno.udd.cl\/cpp\/files\/2017\/01\/Encuesta6-300x259.jpg 300w, https:\/\/gobierno.udd.cl\/cpp\/files\/2017\/01\/Encuesta6.jpg 587w\" sizes=\"auto, (max-width: 300px) 100vw, 300px\" \/><\/a>Aunque la campa\u00f1a comenz\u00f3 oficialmente el pasado 24 de agosto, fecha desde la cual es posible realizar propaganda en radio y prensa, y a trav\u00e9s de brigadistas, sondeo revela que el ambiente electoral con miras a la municipal est\u00e1 a\u00fan lejos de encenderse. Desde el pr\u00f3ximo viernes estar\u00e1 permitida, adem\u00e1s, la publicidad en espacios p\u00fablicos, \u00faltima oportunidad de los postulantes para darse a conocer.<\/p>\n<p style=\"text-align: justify;\">Ver papel digital: <strong><a href=\"http:\/\/impresa.elmercurio.com\/Pages\/NewsDetail.aspx?dt=2016-09-18&amp;dtB=19-09-2016%200:00:00&amp;PaginaId=3&amp;bodyid=10\" target=\"_blank\">El Mercurio<\/a><\/strong><\/p>\n","protected":false},"excerpt":{"rendered":"<p>Aunque la campa\u00f1a comenz\u00f3 oficialmente el pasado 24 de agosto, fecha desde la cual es posible realizar propaganda en radio y prensa, y a trav\u00e9s de brigadistas, sondeo revela que el ambiente electoral con miras a la municipal est\u00e1 a\u00fan lejos de encenderse. Desde el pr\u00f3ximo viernes estar\u00e1 permitida, adem\u00e1s, la publicidad en espacios p\u00fablicos, [&hellip;]<\/p>\n","protected":false},"author":22,"featured_media":893,"comment_status":"open","ping_status":"open","sticky":false,"template":"","format":"standard","meta":{"footnotes":""},"categories":[12124],"tags":[],"class_list":["post-2629","post","type-post","status-publish","format-standard","has-post-thumbnail","hentry","category-panel-ciudadano"],"featured_image_url":"https:\/\/gobierno.udd.cl\/cpp\/files\/2015\/05\/udd_cpp_prensa_340.png","_links":{"self":[{"href":"https:\/\/gobierno.udd.cl\/cpp\/wp-json\/wp\/v2\/posts\/2629","targetHints":{"allow":["GET"]}}],"collection":[{"href":"https:\/\/gobierno.udd.cl\/cpp\/wp-json\/wp\/v2\/posts"}],"about":[{"href":"https:\/\/gobierno.udd.cl\/cpp\/wp-json\/wp\/v2\/types\/post"}],"author":[{"embeddable":true,"href":"https:\/\/gobierno.udd.cl\/cpp\/wp-json\/wp\/v2\/users\/22"}],"replies":[{"embeddable":true,"href":"https:\/\/gobierno.udd.cl\/cpp\/wp-json\/wp\/v2\/comments?post=2629"}],"version-history":[{"count":2,"href":"https:\/\/gobierno.udd.cl\/cpp\/wp-json\/wp\/v2\/posts\/2629\/revisions"}],"predecessor-version":[{"id":2632,"href":"https:\/\/gobierno.udd.cl\/cpp\/wp-json\/wp\/v2\/posts\/2629\/revisions\/2632"}],"wp:featuredmedia":[{"embeddable":true,"href":"https:\/\/gobierno.udd.cl\/cpp\/wp-json\/wp\/v2\/media\/893"}],"wp:attachment":[{"href":"https:\/\/gobierno.udd.cl\/cpp\/wp-json\/wp\/v2\/media?parent=2629"}],"wp:term":[{"taxonomy":"category","embeddable":true,"href":"https:\/\/gobierno.udd.cl\/cpp\/wp-json\/wp\/v2\/categories?post=2629"},{"taxonomy":"post_tag","embeddable":true,"href":"https:\/\/gobierno.udd.cl\/cpp\/wp-json\/wp\/v2\/tags?post=2629"}],"curies":[{"name":"wp","href":"https:\/\/api.w.org\/{rel}","templated":true}]}}