{"id":2625,"date":"2017-01-17T19:18:56","date_gmt":"2017-01-17T22:18:56","guid":{"rendered":"http:\/\/gobierno.udd.cl\/cpp\/?p=2625"},"modified":"2017-01-17T19:19:34","modified_gmt":"2017-01-17T22:19:34","slug":"sistema-previsional-y-presupuesto-el-asedio-que-enfrentara-hacienda-desde-el-oficialismo","status":"publish","type":"post","link":"https:\/\/gobierno.udd.cl\/cpp\/noticias\/2017\/01\/17\/sistema-previsional-y-presupuesto-el-asedio-que-enfrentara-hacienda-desde-el-oficialismo\/","title":{"rendered":"Sistema previsional y presupuesto: El asedio que enfrentar\u00e1 Hacienda desde el oficialismo"},"content":{"rendered":"<p style=\"text-align: justify;\"><a href=\"http:\/\/gobierno.udd.cl\/cpp\/files\/2017\/01\/Encuesta5.jpg\" rel=\"attachment wp-att-2626\"><img loading=\"lazy\" decoding=\"async\" class=\"size-medium wp-image-2626 alignleft\" src=\"http:\/\/gobierno.udd.cl\/cpp\/files\/2017\/01\/Encuesta5-143x300.jpg\" alt=\"Encuesta5\" width=\"143\" height=\"300\" srcset=\"https:\/\/gobierno.udd.cl\/cpp\/files\/2017\/01\/Encuesta5-143x300.jpg 143w, https:\/\/gobierno.udd.cl\/cpp\/files\/2017\/01\/Encuesta5.jpg 281w\" sizes=\"auto, (max-width: 143px) 100vw, 143px\" \/><\/a>En menos de tres horas, el jueves la Presidenta Michelle Bachelet tuvo la oportunidad de convivir personalmente con las dos almas que residen en el Gobierno.<\/p>\n<p style=\"text-align: justify;\">Temprano, ese d\u00eda particip\u00f3 en un desayuno organizado por la C\u00e1mara Chilena Norteamericana de Comercio. En un ambiente formal -en un centro de eventos de Las Condes-, donde primaron conceptos como atraer inversi\u00f3n extranjera y recuperaci\u00f3n econ\u00f3mica, Bachelet estuvo flanqueada por el ministro de Hacienda, Rodrigo Vald\u00e9s. Tras el evento, el secretario de Estado se refiri\u00f3 a la pol\u00e9mica que marc\u00f3 la semana: c\u00f3mo se distribuye el 5% adicional de las cotizaciones que propuso el Ejecutivo. El jefe de las finanzas reiter\u00f3 la necesidad de un pacto nacional, y agreg\u00f3 que el mayor aporte del 5% \u00abtiene que tener solidaridad, tambi\u00e9n ahorro; no completamente, pero algo de ahorro, y lo m\u00e1s importante es que tiene que tener sostenibilidad\u00bb.<\/p>\n<p style=\"text-align: justify;\">Dos horas despu\u00e9s, la Mandataria se traslad\u00f3 a Pedro Aguirre Cerda, donde la esperaban la alcaldesa Claudina N\u00fa\u00f1ez y el diputado Guillermo Teillier (ambos PC), entre otros invitados. En esta ocasi\u00f3n acompa\u00f1aron a la Presidenta la ministra del Trabajo, Ximena Rinc\u00f3n, y el titular de Desarrollo Social, Marcos Barraza. En la actividad se anunci\u00f3 el inicio del pago del aguinaldo de Fiestas Patrias.<\/p>\n<p style=\"text-align: justify;\">Y tal como Vald\u00e9s en la ma\u00f1ana, Rinc\u00f3n se refiri\u00f3 al tema previsional, reiterando la postura que ha sostenido desde el comienzo: que la totalidad del 5% vaya a un nuevo pilar solidario. \u00abEse porcentaje es para contribuir a la creaci\u00f3n del pilar de ahorro colectivo solidario\u00bb, sostuvo.<\/p>\n<p style=\"text-align: justify;\">Similar a la mirada de la titular del Trabajo es la del ministro Marcos Barraza, mientras que la visi\u00f3n de Vald\u00e9s es compartida por el ministro de Econom\u00eda, Luis Felipe C\u00e9spedes. \u00abEl destino final del aumento tiene que ser el resultado de la b\u00fasqueda de un acuerdo\u00bb, dijo C\u00e9spedes. En un intento por poner pa\u00f1os fr\u00edos, el secretario de Estado ha insistido en que hoy no existe ninguna decisi\u00f3n tomada.<\/p>\n<p style=\"text-align: justify;\"><strong>Se consuma \u00abel peor escenario\u00bb<\/strong><\/p>\n<p style=\"text-align: justify;\">Para el oficialismo y sectores al interior de La Moneda, este cap\u00edtulo es el reflejo \u00abdel peor escenario\u00bb que se pudo haber instalado. Esto, porque hab\u00edan puesto sus esperanzas en que el tema previsional les pod\u00eda dar un respiro en medio de la escasa adhesi\u00f3n. Adem\u00e1s, el tono \u00abconvocante\u00bb que utiliz\u00f3 la Presidenta en la cadena nacional en la que anunci\u00f3 la medida fue celebrado por todos los sectores pol\u00edticos.<\/p>\n<p style=\"text-align: justify;\">Pero las cuentas alegres no duraron ni un d\u00eda. De inmediato comenzaron las diferencias en el mismo gabinete, contienda que lleg\u00f3 a su peak esta semana.<\/p>\n<p style=\"text-align: justify;\">\u00bfQu\u00e9 decidir\u00e1 la Mandataria? Es la pregunta todos se hacen. Conocida es la buena llegada de Rinc\u00f3n con Bachelet y la estrecha relaci\u00f3n que han cimentado -en La Moneda la atribuyen a que la ex senadora es siempre la primera en cuadrarse con los discursos de la Presidenta-. Pero, a su vez, en el oficialismo subrayan que la Mandataria, cuando se trata de temas que implican una reforma mayor que afectar\u00e1 las arcas fiscales, es a Vald\u00e9s a quien m\u00e1s escucha.<\/p>\n<p style=\"text-align: justify;\">En Palacio hay quienes se\u00f1alan que existe una fuerte molestia de los ministros m\u00e1s t\u00e9cnicos (Vald\u00e9s y C\u00e9spedes) con los m\u00e1s pol\u00edticos en este debate (Rinc\u00f3n y Barraza). Comentan que estos \u00faltimos terminaron por ideologizar un tema, y podr\u00edan dejar a Bachelet \u00abarrinconada\u00bb en una postura m\u00e1s polarizada.<\/p>\n<p style=\"text-align: justify;\">Y que mientras \u00ablos econ\u00f3micos\u00bb buscan \u00abcuadrar las cifras\u00bb, los otros apuestan por una mirada m\u00e1s pol\u00edtico-electoral, ya sea porque piensan en una posible campa\u00f1a al Congreso, o por la necesidad de anotar un punto en ese sentido para el Gobierno.<\/p>\n<p style=\"text-align: justify;\"><strong>Un Presupuesto \u00abm\u00e1s suelto\u00bb en a\u00f1o electoral<\/strong><\/p>\n<p style=\"text-align: justify;\">Pero, adem\u00e1s, Vald\u00e9s deber\u00e1 enfrentar otro desaf\u00edo en el corto plazo: la negociaci\u00f3n de la ley de Presupuesto 2017. Y ya un sector amplio de la Nueva Mayor\u00eda est\u00e1 presionando para que el ministro \u00absuelte\u00bb m\u00e1s recursos. En esa solicitud pesa el hecho de que este y el pr\u00f3ximo a\u00f1o sean de elecciones y en un contexto de baja aprobaci\u00f3n al Gobierno.<\/p>\n<p style=\"text-align: justify;\">En Hacienda dicen estar tranquilos. Est\u00e1n a la espera de las cifras que les dar\u00e1n el marco en el que podr\u00e1n moverse -el PIB tendencial y el precio del cobre-, n\u00fameros que debiesen conocerse en los pr\u00f3ximos d\u00edas. A eso se suma la determinaci\u00f3n del ministro de reducir el d\u00e9ficit en un cuarto del PIB por a\u00f1o.<\/p>\n<p style=\"text-align: justify;\">Algunos congresistas ven \u00abpreocupado y solo\u00bb al ministro en esta batalla. Pero en el Senado s\u00ed cuenta con el comit\u00e9 DC, donde mantiene una relaci\u00f3n fluida con Ignacio Walker y Andr\u00e9s Zald\u00edvar. En la C\u00e1mara, en tanto, sus interlocutores son Pepe Auth (indep. ex PPD), Manuel Monsalve (PS, presidente de la comisi\u00f3n de Hacienda) y Jos\u00e9 Miguel Ortiz (DC).<\/p>\n<p style=\"text-align: justify;\">En los sectores m\u00e1s moderados de la Nueva Mayor\u00eda conf\u00edan en que Vald\u00e9s no caer\u00e1 en los \u00abcantos de sirena\u00bb. Adem\u00e1s, argumentan que un presupuesto expansivo nunca ha sido sin\u00f3nimo de ganar una elecci\u00f3n, afirmaci\u00f3n que sustentan recordando lo que sucedi\u00f3 en 2009, cuando la Concertaci\u00f3n perdi\u00f3 el Gobierno.<\/p>\n<p style=\"text-align: justify;\">Ver papel digital: <strong><a href=\"http:\/\/impresa.elmercurio.com\/Pages\/NewsDetail.aspx?dt=2016-08-28&amp;PaginaId=2&amp;BodyId=10\" target=\"_blank\">El Mercurio<\/a><\/strong><\/p>\n","protected":false},"excerpt":{"rendered":"<p>En menos de tres horas, el jueves la Presidenta Michelle Bachelet tuvo la oportunidad de convivir personalmente con las dos almas que residen en el Gobierno. Temprano, ese d\u00eda particip\u00f3 en un desayuno organizado por la C\u00e1mara Chilena Norteamericana de Comercio. En un ambiente formal -en un centro de eventos de Las Condes-, donde primaron [&hellip;]<\/p>\n","protected":false},"author":22,"featured_media":893,"comment_status":"open","ping_status":"open","sticky":false,"template":"","format":"standard","meta":{"footnotes":""},"categories":[12124],"tags":[],"class_list":["post-2625","post","type-post","status-publish","format-standard","has-post-thumbnail","hentry","category-panel-ciudadano"],"featured_image_url":"https:\/\/gobierno.udd.cl\/cpp\/files\/2015\/05\/udd_cpp_prensa_340.png","_links":{"self":[{"href":"https:\/\/gobierno.udd.cl\/cpp\/wp-json\/wp\/v2\/posts\/2625","targetHints":{"allow":["GET"]}}],"collection":[{"href":"https:\/\/gobierno.udd.cl\/cpp\/wp-json\/wp\/v2\/posts"}],"about":[{"href":"https:\/\/gobierno.udd.cl\/cpp\/wp-json\/wp\/v2\/types\/post"}],"author":[{"embeddable":true,"href":"https:\/\/gobierno.udd.cl\/cpp\/wp-json\/wp\/v2\/users\/22"}],"replies":[{"embeddable":true,"href":"https:\/\/gobierno.udd.cl\/cpp\/wp-json\/wp\/v2\/comments?post=2625"}],"version-history":[{"count":2,"href":"https:\/\/gobierno.udd.cl\/cpp\/wp-json\/wp\/v2\/posts\/2625\/revisions"}],"predecessor-version":[{"id":2628,"href":"https:\/\/gobierno.udd.cl\/cpp\/wp-json\/wp\/v2\/posts\/2625\/revisions\/2628"}],"wp:featuredmedia":[{"embeddable":true,"href":"https:\/\/gobierno.udd.cl\/cpp\/wp-json\/wp\/v2\/media\/893"}],"wp:attachment":[{"href":"https:\/\/gobierno.udd.cl\/cpp\/wp-json\/wp\/v2\/media?parent=2625"}],"wp:term":[{"taxonomy":"category","embeddable":true,"href":"https:\/\/gobierno.udd.cl\/cpp\/wp-json\/wp\/v2\/categories?post=2625"},{"taxonomy":"post_tag","embeddable":true,"href":"https:\/\/gobierno.udd.cl\/cpp\/wp-json\/wp\/v2\/tags?post=2625"}],"curies":[{"name":"wp","href":"https:\/\/api.w.org\/{rel}","templated":true}]}}