{"id":2621,"date":"2017-01-17T19:14:20","date_gmt":"2017-01-17T22:14:20","guid":{"rendered":"http:\/\/gobierno.udd.cl\/cpp\/?p=2621"},"modified":"2017-01-17T19:14:59","modified_gmt":"2017-01-17T22:14:59","slug":"salud-supera-a-pensiones-y-gratuidad-como-prioridad-para-los-santiaguinos","status":"publish","type":"post","link":"https:\/\/gobierno.udd.cl\/cpp\/noticias\/2017\/01\/17\/salud-supera-a-pensiones-y-gratuidad-como-prioridad-para-los-santiaguinos\/","title":{"rendered":"Salud supera a pensiones y gratuidad como prioridad para los santiaguinos"},"content":{"rendered":"<p style=\"text-align: justify;\"><a href=\"http:\/\/gobierno.udd.cl\/cpp\/files\/2017\/01\/Encuesta4.jpg\" rel=\"attachment wp-att-2622\"><img loading=\"lazy\" decoding=\"async\" class=\"size-medium wp-image-2622 alignleft\" src=\"http:\/\/gobierno.udd.cl\/cpp\/files\/2017\/01\/Encuesta4-300x196.jpg\" alt=\"Encuesta4\" width=\"300\" height=\"196\" srcset=\"https:\/\/gobierno.udd.cl\/cpp\/files\/2017\/01\/Encuesta4-300x196.jpg 300w, https:\/\/gobierno.udd.cl\/cpp\/files\/2017\/01\/Encuesta4-768x501.jpg 768w, https:\/\/gobierno.udd.cl\/cpp\/files\/2017\/01\/Encuesta4-660x430.jpg 660w, https:\/\/gobierno.udd.cl\/cpp\/files\/2017\/01\/Encuesta4.jpg 919w\" sizes=\"auto, (max-width: 300px) 100vw, 300px\" \/><\/a>Aun cuando el tema pensiones ha acaparado el centro de la atenci\u00f3n desde la masiva movilizaci\u00f3n de hace 15 d\u00edas, los capitalinos siguen considerando que la principal prioridad del pa\u00eds debe ser mejorar los servicios de salud p\u00fablica, muestra la \u00faltima edici\u00f3n de la encuesta panel ciudadano-UDD, efectuada esta semana.<\/p>\n<p style=\"text-align: justify;\">Y en d\u00edas en que el sector tambi\u00e9n ha hecho noticia, a prop\u00f3sito del colapso de la urgencia del Hospital San Jos\u00e9, la percepci\u00f3n de los santiaguinos es que el primer tema a atacar en el \u00e1rea salud debe ser el end\u00e9mico d\u00e9ficit de especialistas.<\/p>\n<p style=\"text-align: justify;\">Vea el papel digital: <strong><a href=\"http:\/\/impresa.elmercurio.com\/Pages\/NewsDetail.aspx?dt=2016-08-07&amp;dtB=09-08-2016%200:00:00&amp;PaginaId=3&amp;bodyid=10\" target=\"_blank\">El Mercurio<\/a><\/strong><\/p>\n","protected":false},"excerpt":{"rendered":"<p>Aun cuando el tema pensiones ha acaparado el centro de la atenci\u00f3n desde la masiva movilizaci\u00f3n de hace 15 d\u00edas, los capitalinos siguen considerando que la principal prioridad del pa\u00eds debe ser mejorar los servicios de salud p\u00fablica, muestra la \u00faltima edici\u00f3n de la encuesta panel ciudadano-UDD, efectuada esta semana. Y en d\u00edas en que [&hellip;]<\/p>\n","protected":false},"author":22,"featured_media":893,"comment_status":"open","ping_status":"open","sticky":false,"template":"","format":"standard","meta":{"footnotes":""},"categories":[12124],"tags":[],"class_list":["post-2621","post","type-post","status-publish","format-standard","has-post-thumbnail","hentry","category-panel-ciudadano"],"featured_image_url":"https:\/\/gobierno.udd.cl\/cpp\/files\/2015\/05\/udd_cpp_prensa_340.png","_links":{"self":[{"href":"https:\/\/gobierno.udd.cl\/cpp\/wp-json\/wp\/v2\/posts\/2621","targetHints":{"allow":["GET"]}}],"collection":[{"href":"https:\/\/gobierno.udd.cl\/cpp\/wp-json\/wp\/v2\/posts"}],"about":[{"href":"https:\/\/gobierno.udd.cl\/cpp\/wp-json\/wp\/v2\/types\/post"}],"author":[{"embeddable":true,"href":"https:\/\/gobierno.udd.cl\/cpp\/wp-json\/wp\/v2\/users\/22"}],"replies":[{"embeddable":true,"href":"https:\/\/gobierno.udd.cl\/cpp\/wp-json\/wp\/v2\/comments?post=2621"}],"version-history":[{"count":2,"href":"https:\/\/gobierno.udd.cl\/cpp\/wp-json\/wp\/v2\/posts\/2621\/revisions"}],"predecessor-version":[{"id":2624,"href":"https:\/\/gobierno.udd.cl\/cpp\/wp-json\/wp\/v2\/posts\/2621\/revisions\/2624"}],"wp:featuredmedia":[{"embeddable":true,"href":"https:\/\/gobierno.udd.cl\/cpp\/wp-json\/wp\/v2\/media\/893"}],"wp:attachment":[{"href":"https:\/\/gobierno.udd.cl\/cpp\/wp-json\/wp\/v2\/media?parent=2621"}],"wp:term":[{"taxonomy":"category","embeddable":true,"href":"https:\/\/gobierno.udd.cl\/cpp\/wp-json\/wp\/v2\/categories?post=2621"},{"taxonomy":"post_tag","embeddable":true,"href":"https:\/\/gobierno.udd.cl\/cpp\/wp-json\/wp\/v2\/tags?post=2621"}],"curies":[{"name":"wp","href":"https:\/\/api.w.org\/{rel}","templated":true}]}}