{"id":2614,"date":"2017-01-17T18:40:52","date_gmt":"2017-01-17T21:40:52","guid":{"rendered":"http:\/\/gobierno.udd.cl\/cpp\/?p=2614"},"modified":"2017-01-17T18:44:41","modified_gmt":"2017-01-17T21:44:41","slug":"mayoria-de-los-santiaguinos-cree-que-nunca-habra-gratuidad-universal","status":"publish","type":"post","link":"https:\/\/gobierno.udd.cl\/cpp\/noticias\/2017\/01\/17\/mayoria-de-los-santiaguinos-cree-que-nunca-habra-gratuidad-universal\/","title":{"rendered":"Mayor\u00eda de los santiaguinos cree que nunca habr\u00e1 gratuidad universal"},"content":{"rendered":"<p style=\"text-align: justify;\"><a href=\"http:\/\/gobierno.udd.cl\/cpp\/files\/2017\/01\/Encuesta2.jpg\" rel=\"attachment wp-att-2615\"><img loading=\"lazy\" decoding=\"async\" class=\"size-medium wp-image-2615 alignleft\" src=\"http:\/\/gobierno.udd.cl\/cpp\/files\/2017\/01\/Encuesta2-184x300.jpg\" alt=\"Encuesta2\" width=\"184\" height=\"300\" srcset=\"https:\/\/gobierno.udd.cl\/cpp\/files\/2017\/01\/Encuesta2-184x300.jpg 184w, https:\/\/gobierno.udd.cl\/cpp\/files\/2017\/01\/Encuesta2.jpg 361w\" sizes=\"auto, (max-width: 184px) 100vw, 184px\" \/><\/a>En la semana en que el Gobierno baj\u00f3 sus cartas en Educaci\u00f3n Superior (ver la visi\u00f3n de los rectores en p\u00e1gs. 8 y 9) y defini\u00f3 f\u00f3rmula que pospone el logro de ese objetivo, el 64% de las personas piensa que \u00e9ste no se alcanzar\u00e1.<\/p>\n","protected":false},"excerpt":{"rendered":"<p>En la semana en que el Gobierno baj\u00f3 sus cartas en Educaci\u00f3n Superior (ver la visi\u00f3n de los rectores en p\u00e1gs. 8 y 9) y defini\u00f3 f\u00f3rmula que pospone el logro de ese objetivo, el 64% de las personas piensa que \u00e9ste no se alcanzar\u00e1.<\/p>\n","protected":false},"author":22,"featured_media":893,"comment_status":"open","ping_status":"open","sticky":false,"template":"","format":"standard","meta":{"footnotes":""},"categories":[12124],"tags":[],"class_list":["post-2614","post","type-post","status-publish","format-standard","has-post-thumbnail","hentry","category-panel-ciudadano"],"featured_image_url":"https:\/\/gobierno.udd.cl\/cpp\/files\/2015\/05\/udd_cpp_prensa_340.png","_links":{"self":[{"href":"https:\/\/gobierno.udd.cl\/cpp\/wp-json\/wp\/v2\/posts\/2614","targetHints":{"allow":["GET"]}}],"collection":[{"href":"https:\/\/gobierno.udd.cl\/cpp\/wp-json\/wp\/v2\/posts"}],"about":[{"href":"https:\/\/gobierno.udd.cl\/cpp\/wp-json\/wp\/v2\/types\/post"}],"author":[{"embeddable":true,"href":"https:\/\/gobierno.udd.cl\/cpp\/wp-json\/wp\/v2\/users\/22"}],"replies":[{"embeddable":true,"href":"https:\/\/gobierno.udd.cl\/cpp\/wp-json\/wp\/v2\/comments?post=2614"}],"version-history":[{"count":2,"href":"https:\/\/gobierno.udd.cl\/cpp\/wp-json\/wp\/v2\/posts\/2614\/revisions"}],"predecessor-version":[{"id":2617,"href":"https:\/\/gobierno.udd.cl\/cpp\/wp-json\/wp\/v2\/posts\/2614\/revisions\/2617"}],"wp:featuredmedia":[{"embeddable":true,"href":"https:\/\/gobierno.udd.cl\/cpp\/wp-json\/wp\/v2\/media\/893"}],"wp:attachment":[{"href":"https:\/\/gobierno.udd.cl\/cpp\/wp-json\/wp\/v2\/media?parent=2614"}],"wp:term":[{"taxonomy":"category","embeddable":true,"href":"https:\/\/gobierno.udd.cl\/cpp\/wp-json\/wp\/v2\/categories?post=2614"},{"taxonomy":"post_tag","embeddable":true,"href":"https:\/\/gobierno.udd.cl\/cpp\/wp-json\/wp\/v2\/tags?post=2614"}],"curies":[{"name":"wp","href":"https:\/\/api.w.org\/{rel}","templated":true}]}}