{"id":2608,"date":"2017-01-17T09:06:35","date_gmt":"2017-01-17T12:06:35","guid":{"rendered":"http:\/\/gobierno.udd.cl\/cpp\/?p=2608"},"modified":"2017-01-17T09:06:35","modified_gmt":"2017-01-17T12:06:35","slug":"58-cree-que-se-coarta-libertad-de-expresion","status":"publish","type":"post","link":"https:\/\/gobierno.udd.cl\/cpp\/noticias\/2017\/01\/17\/58-cree-que-se-coarta-libertad-de-expresion\/","title":{"rendered":"58% cree que se coarta libertad de expresi\u00f3n"},"content":{"rendered":"<p style=\"text-align: justify;\"><a href=\"http:\/\/gobierno.udd.cl\/cpp\/files\/2017\/01\/Encuesta1.jpg\" rel=\"attachment wp-att-2609\"><img loading=\"lazy\" decoding=\"async\" class=\"size-medium wp-image-2609 alignleft\" src=\"http:\/\/gobierno.udd.cl\/cpp\/files\/2017\/01\/Encuesta1-300x132.jpg\" alt=\"Encuesta1\" width=\"300\" height=\"132\" srcset=\"https:\/\/gobierno.udd.cl\/cpp\/files\/2017\/01\/Encuesta1-300x132.jpg 300w, https:\/\/gobierno.udd.cl\/cpp\/files\/2017\/01\/Encuesta1.jpg 592w\" sizes=\"auto, (max-width: 300px) 100vw, 300px\" \/><\/a><strong>Ficha T\u00e9cnica<\/strong><\/p>\n<p style=\"text-align: justify;\">El universo de la encuesta corresponde a los mayores de 18 a\u00f1os residentes en el Gran Santiago. Para ello se elabor\u00f3 una muestra de 1.200 panelistas, seleccionados aleatoriamente en cada una de las etapas. Estos fueron inscritos mediante un trabajo de campo que se desarroll\u00f3 durante 5 meses en los cuales cada miembro del penal fue entrevistado en terreno para el an\u00e1lisis d e segmentaci\u00f3n de base (edad, sexo, nivel educacional, etc.). La encuesta que publica hoy Reportajes fue enviada a sus tel\u00e9fonos el jueves a las 21.00 hrs. y finalizada el viernes a las 17:00 horas. Un total de 731 miembros del panel contestaron indicando saber de la querella interpuesta por la Presidenta. A ellos fue a quienes se consult\u00f3 luego su opini\u00f3n respecto de la acci\u00f3n judicial. As\u00ed, el margen de error del estudio es de 3,6% para un nivel de confianza del 95%.<\/p>\n<p style=\"text-align: justify;\">Ver papel digital: <strong><a href=\"http:\/\/impresa.elmercurio.com\/Pages\/NewsDetail.aspx?dt=2016-06-05&amp;dtB=11-08-2016%200:00:00&amp;PaginaId=4&amp;bodyid=10\" target=\"_blank\">El Mercurio<\/a><\/strong><\/p>\n","protected":false},"excerpt":{"rendered":"<p>Ficha T\u00e9cnica El universo de la encuesta corresponde a los mayores de 18 a\u00f1os residentes en el Gran Santiago. Para ello se elabor\u00f3 una muestra de 1.200 panelistas, seleccionados aleatoriamente en cada una de las etapas. Estos fueron inscritos mediante un trabajo de campo que se desarroll\u00f3 durante 5 meses en los cuales cada miembro [&hellip;]<\/p>\n","protected":false},"author":22,"featured_media":893,"comment_status":"open","ping_status":"open","sticky":false,"template":"","format":"standard","meta":{"footnotes":""},"categories":[12124],"tags":[],"class_list":["post-2608","post","type-post","status-publish","format-standard","has-post-thumbnail","hentry","category-panel-ciudadano"],"featured_image_url":"https:\/\/gobierno.udd.cl\/cpp\/files\/2015\/05\/udd_cpp_prensa_340.png","_links":{"self":[{"href":"https:\/\/gobierno.udd.cl\/cpp\/wp-json\/wp\/v2\/posts\/2608","targetHints":{"allow":["GET"]}}],"collection":[{"href":"https:\/\/gobierno.udd.cl\/cpp\/wp-json\/wp\/v2\/posts"}],"about":[{"href":"https:\/\/gobierno.udd.cl\/cpp\/wp-json\/wp\/v2\/types\/post"}],"author":[{"embeddable":true,"href":"https:\/\/gobierno.udd.cl\/cpp\/wp-json\/wp\/v2\/users\/22"}],"replies":[{"embeddable":true,"href":"https:\/\/gobierno.udd.cl\/cpp\/wp-json\/wp\/v2\/comments?post=2608"}],"version-history":[{"count":1,"href":"https:\/\/gobierno.udd.cl\/cpp\/wp-json\/wp\/v2\/posts\/2608\/revisions"}],"predecessor-version":[{"id":2610,"href":"https:\/\/gobierno.udd.cl\/cpp\/wp-json\/wp\/v2\/posts\/2608\/revisions\/2610"}],"wp:featuredmedia":[{"embeddable":true,"href":"https:\/\/gobierno.udd.cl\/cpp\/wp-json\/wp\/v2\/media\/893"}],"wp:attachment":[{"href":"https:\/\/gobierno.udd.cl\/cpp\/wp-json\/wp\/v2\/media?parent=2608"}],"wp:term":[{"taxonomy":"category","embeddable":true,"href":"https:\/\/gobierno.udd.cl\/cpp\/wp-json\/wp\/v2\/categories?post=2608"},{"taxonomy":"post_tag","embeddable":true,"href":"https:\/\/gobierno.udd.cl\/cpp\/wp-json\/wp\/v2\/tags?post=2608"}],"curies":[{"name":"wp","href":"https:\/\/api.w.org\/{rel}","templated":true}]}}