{"id":2604,"date":"2017-01-17T08:56:51","date_gmt":"2017-01-17T11:56:51","guid":{"rendered":"http:\/\/gobierno.udd.cl\/cpp\/?p=2604"},"modified":"2017-01-17T08:57:46","modified_gmt":"2017-01-17T11:57:46","slug":"santiaguinos-fijan-como-prioridades-el-crecimiento-29-y-la-seguridad-28","status":"publish","type":"post","link":"https:\/\/gobierno.udd.cl\/cpp\/noticias\/2017\/01\/17\/santiaguinos-fijan-como-prioridades-el-crecimiento-29-y-la-seguridad-28\/","title":{"rendered":"Santiaguinos fijan como prioridades el crecimiento (29%) y la seguridad (28%)"},"content":{"rendered":"<p style=\"text-align: justify;\"><a href=\"http:\/\/gobierno.udd.cl\/cpp\/files\/2017\/01\/Encuesta29.jpg\" rel=\"attachment wp-att-2605\"><img loading=\"lazy\" decoding=\"async\" class=\"size-medium wp-image-2605 alignleft\" src=\"http:\/\/gobierno.udd.cl\/cpp\/files\/2017\/01\/Encuesta29-96x300.jpg\" alt=\"Encuesta29\" width=\"96\" height=\"300\" srcset=\"https:\/\/gobierno.udd.cl\/cpp\/files\/2017\/01\/Encuesta29-96x300.jpg 96w, https:\/\/gobierno.udd.cl\/cpp\/files\/2017\/01\/Encuesta29.jpg 186w\" sizes=\"auto, (max-width: 96px) 100vw, 96px\" \/><\/a>Encuesta define las tareas en que deber\u00eda poner \u00e9nfasis el Gobierno en la nueva etapa, iniciada luego del cambio en el Ministerio del Interior. Nueva Constituci\u00f3n figura en el tercer lugar y a larga distancia: recibe el 19% de las menciones.<\/p>\n<p style=\"text-align: justify;\">Ver papel digital: <strong><a href=\"http:\/\/impresa.elmercurio.com\/Pages\/NewsDetail.aspx?dt=12-06-2016%200:00:00&amp;NewsID=411016&amp;dtB=11-08-2016%200:00:00&amp;BodyID=10&amp;PaginaId=9\" target=\"_blank\">El Mercurio<\/a><\/strong><\/p>\n","protected":false},"excerpt":{"rendered":"<p>Encuesta define las tareas en que deber\u00eda poner \u00e9nfasis el Gobierno en la nueva etapa, iniciada luego del cambio en el Ministerio del Interior. Nueva Constituci\u00f3n figura en el tercer lugar y a larga distancia: recibe el 19% de las menciones. Ver papel digital: El Mercurio<\/p>\n","protected":false},"author":22,"featured_media":893,"comment_status":"open","ping_status":"open","sticky":false,"template":"","format":"standard","meta":{"footnotes":""},"categories":[12124],"tags":[],"class_list":["post-2604","post","type-post","status-publish","format-standard","has-post-thumbnail","hentry","category-panel-ciudadano"],"featured_image_url":"https:\/\/gobierno.udd.cl\/cpp\/files\/2015\/05\/udd_cpp_prensa_340.png","_links":{"self":[{"href":"https:\/\/gobierno.udd.cl\/cpp\/wp-json\/wp\/v2\/posts\/2604","targetHints":{"allow":["GET"]}}],"collection":[{"href":"https:\/\/gobierno.udd.cl\/cpp\/wp-json\/wp\/v2\/posts"}],"about":[{"href":"https:\/\/gobierno.udd.cl\/cpp\/wp-json\/wp\/v2\/types\/post"}],"author":[{"embeddable":true,"href":"https:\/\/gobierno.udd.cl\/cpp\/wp-json\/wp\/v2\/users\/22"}],"replies":[{"embeddable":true,"href":"https:\/\/gobierno.udd.cl\/cpp\/wp-json\/wp\/v2\/comments?post=2604"}],"version-history":[{"count":2,"href":"https:\/\/gobierno.udd.cl\/cpp\/wp-json\/wp\/v2\/posts\/2604\/revisions"}],"predecessor-version":[{"id":2607,"href":"https:\/\/gobierno.udd.cl\/cpp\/wp-json\/wp\/v2\/posts\/2604\/revisions\/2607"}],"wp:featuredmedia":[{"embeddable":true,"href":"https:\/\/gobierno.udd.cl\/cpp\/wp-json\/wp\/v2\/media\/893"}],"wp:attachment":[{"href":"https:\/\/gobierno.udd.cl\/cpp\/wp-json\/wp\/v2\/media?parent=2604"}],"wp:term":[{"taxonomy":"category","embeddable":true,"href":"https:\/\/gobierno.udd.cl\/cpp\/wp-json\/wp\/v2\/categories?post=2604"},{"taxonomy":"post_tag","embeddable":true,"href":"https:\/\/gobierno.udd.cl\/cpp\/wp-json\/wp\/v2\/tags?post=2604"}],"curies":[{"name":"wp","href":"https:\/\/api.w.org\/{rel}","templated":true}]}}