{"id":2596,"date":"2017-01-17T08:11:38","date_gmt":"2017-01-17T11:11:38","guid":{"rendered":"http:\/\/gobierno.udd.cl\/cpp\/?p=2596"},"modified":"2017-01-17T08:29:03","modified_gmt":"2017-01-17T11:29:03","slug":"investigadores-del-cpp-presentan-en-el-octavo-encuentro-anual-de-politicas-publicas","status":"publish","type":"post","link":"https:\/\/gobierno.udd.cl\/cpp\/noticias\/2017\/01\/17\/investigadores-del-cpp-presentan-en-el-octavo-encuentro-anual-de-politicas-publicas\/","title":{"rendered":"Investigadores del CPP presentan en el octavo encuentro anual de pol\u00edticas p\u00fablicas"},"content":{"rendered":"<p style=\"text-align: justify;\"><a href=\"http:\/\/gobierno.udd.cl\/cpp\/files\/2017\/01\/ENCUENTRO.png\" rel=\"attachment wp-att-2597\"><img loading=\"lazy\" decoding=\"async\" class=\"alignnone size-medium wp-image-2597\" src=\"http:\/\/gobierno.udd.cl\/cpp\/files\/2017\/01\/ENCUENTRO-206x300.png\" alt=\"ENCUENTRO\" width=\"206\" height=\"300\" srcset=\"https:\/\/gobierno.udd.cl\/cpp\/files\/2017\/01\/ENCUENTRO-206x300.png 206w, https:\/\/gobierno.udd.cl\/cpp\/files\/2017\/01\/ENCUENTRO.png 577w\" sizes=\"auto, (max-width: 206px) 100vw, 206px\" \/><\/a><\/p>\n<p style=\"text-align: justify;\">Los investigadores del Centro de Pol\u00edticas P\u00fablicas, Rodrigo Troncoso y Juan Pablo Couyoumdjian, presentar\u00e1n en el VIII encuentro de pol\u00edticas p\u00fablicas a celebrarse el jueves\u00a09 de enero en la <strong><a href=\"http:\/\/www.uai.cl\" target=\"_blank\">Universidad Adolfo Ib\u00e1\u00f1ez<\/a><\/strong>\u00a0(Presidente Err\u00e1zuriz 3485 Las Condes).<\/p>\n<p style=\"text-align: justify;\">El profesor Couyoumdjian \u00a0expondr\u00e1 en el Panel \u201cPol\u00edtica social y pobreza\u201d (horario: 13:00 a 14:00 hrs) la conferencia titulada. \u201cEmpowered Entrepreneurs? Some evidence from Chile.\u201d Dicho panel estar\u00e1 compuesto por Rodrigo Castro, <strong><a href=\"http:\/\/gobierno.udd.cl\/persona\/juan-pablo-couyoumdjian\/\" target=\"_blank\">Juan Pablo Couyoumdjian<\/a><\/strong> y Hugo Contreras y ser\u00e1 presentado por Rodrigo Castro.<\/p>\n<p style=\"text-align: justify;\"><strong><a href=\"http:\/\/gobierno.udd.cl\/persona\/rodrigo-troncoso-3\/\" target=\"_blank\">Rodrigo Troncoso<\/a><\/strong> (UDD, LyD), por su parte, junto al acad\u00e9mico de la UDP, Louis de Grange \u00abEvasi\u00f3n en el Transantiago: un an\u00e1lisis de series de tiempo\u00bb en el panel\u00a0Transporte Infraestructura (Sala Valpara\u00edso) a las 9:15 hrs.<\/p>\n<p style=\"text-align: justify;\">Este a\u00f1o la conferencia principal ser\u00e1 dictada por <strong><a href=\"https:\/\/www.media.mit.edu\/people\/hidalgo\" target=\"_blank\">C\u00e9sar Hidalgo<\/a>,<\/strong> PhD. en F\u00edsica de la Univerisidad de Notre Dame y profesor asociado del <strong><a href=\"https:\/\/www.media.mit.edu\/\" target=\"_blank\">MIT Media Lab<\/a> <\/strong>con la conferencia: \u00abEl triunfo de la informaci\u00f3n: la evoluci\u00f3n de la complejidad, de los \u00e1tomos a las sociedades\u00bb.<\/p>\n<p style=\"text-align: justify;\">\n","protected":false},"excerpt":{"rendered":"<p>Los investigadores del Centro de Pol\u00edticas P\u00fablicas, Rodrigo Troncoso y Juan Pablo Couyoumdjian, presentar\u00e1n en el VIII encuentro de pol\u00edticas p\u00fablicas a celebrarse el jueves\u00a09 de enero en la Universidad Adolfo Ib\u00e1\u00f1ez\u00a0(Presidente Err\u00e1zuriz 3485 Las Condes). El profesor Couyoumdjian \u00a0expondr\u00e1 en el Panel \u201cPol\u00edtica social y pobreza\u201d (horario: 13:00 a 14:00 hrs) la conferencia titulada. [&hellip;]<\/p>\n","protected":false},"author":22,"featured_media":2598,"comment_status":"open","ping_status":"open","sticky":false,"template":"","format":"standard","meta":{"footnotes":""},"categories":[4],"tags":[11129,11824,12306,13,3801,7378],"class_list":["post-2596","post","type-post","status-publish","format-standard","has-post-thumbnail","hentry","category-noticias","tag-ciencias-politicas","tag-cpp","tag-ecncuentro","tag-gobierno","tag-politicas-publicas","tag-rodrigo-troncoso"],"featured_image_url":"https:\/\/gobierno.udd.cl\/cpp\/files\/2017\/01\/ENCUENTRO_1.png","_links":{"self":[{"href":"https:\/\/gobierno.udd.cl\/cpp\/wp-json\/wp\/v2\/posts\/2596","targetHints":{"allow":["GET"]}}],"collection":[{"href":"https:\/\/gobierno.udd.cl\/cpp\/wp-json\/wp\/v2\/posts"}],"about":[{"href":"https:\/\/gobierno.udd.cl\/cpp\/wp-json\/wp\/v2\/types\/post"}],"author":[{"embeddable":true,"href":"https:\/\/gobierno.udd.cl\/cpp\/wp-json\/wp\/v2\/users\/22"}],"replies":[{"embeddable":true,"href":"https:\/\/gobierno.udd.cl\/cpp\/wp-json\/wp\/v2\/comments?post=2596"}],"version-history":[{"count":5,"href":"https:\/\/gobierno.udd.cl\/cpp\/wp-json\/wp\/v2\/posts\/2596\/revisions"}],"predecessor-version":[{"id":2603,"href":"https:\/\/gobierno.udd.cl\/cpp\/wp-json\/wp\/v2\/posts\/2596\/revisions\/2603"}],"wp:featuredmedia":[{"embeddable":true,"href":"https:\/\/gobierno.udd.cl\/cpp\/wp-json\/wp\/v2\/media\/2598"}],"wp:attachment":[{"href":"https:\/\/gobierno.udd.cl\/cpp\/wp-json\/wp\/v2\/media?parent=2596"}],"wp:term":[{"taxonomy":"category","embeddable":true,"href":"https:\/\/gobierno.udd.cl\/cpp\/wp-json\/wp\/v2\/categories?post=2596"},{"taxonomy":"post_tag","embeddable":true,"href":"https:\/\/gobierno.udd.cl\/cpp\/wp-json\/wp\/v2\/tags?post=2596"}],"curies":[{"name":"wp","href":"https:\/\/api.w.org\/{rel}","templated":true}]}}