{"id":2580,"date":"2017-01-11T23:29:08","date_gmt":"2017-01-12T02:29:08","guid":{"rendered":"http:\/\/gobierno.udd.cl\/cpp\/?p=2580"},"modified":"2017-01-11T23:29:08","modified_gmt":"2017-01-12T02:29:08","slug":"resultados-encuesta-cep-radio-bio-bio","status":"publish","type":"post","link":"https:\/\/gobierno.udd.cl\/cpp\/noticias\/2017\/01\/11\/resultados-encuesta-cep-radio-bio-bio\/","title":{"rendered":"Resultados encuesta CEP &#8211; Radio Bio-bio"},"content":{"rendered":"<p>Entrevista a Eugenio Guzm\u00e1n, analista pol\u00edtico <span class=\"highlight\">Universidad<\/span> <span class=\"highlight\">del<\/span> <span class=\"highlight\">Desarrollo<\/span><\/p>\n<div><strong>Tema:<\/strong><\/div>\n<ul>\n<li>Resultados encuesta CEP<\/li>\n<li>Estancamiento de Ricardo Lagos\n<div><\/div>\n<\/li>\n<li>\n<div>Preocupa pesimismo respecto a situaci\u00f3n del pa\u00eds<\/div>\n<div><\/div>\n<\/li>\n<li>\n<div>Situaci\u00f3n de Manuel Jos\u00e9 Ossand\u00f3n<\/div>\n<div><\/div>\n<\/li>\n<li>\n<div>Alejandro Guillier es el candidato m\u00e1s fuerte de la centro izquierda<\/div>\n<\/li>\n<\/ul>\n<p><b>Habla:<\/b><\/p>\n<ul>\n<li>\u00a0Eugenio Guzm\u00e1n, analista pol\u00edtico <span class=\"highlight\">Universidad<\/span> <span class=\"highlight\">del<\/span> <span class=\"highlight\">Desarrollo<\/span><\/li>\n<\/ul>\n<p>&nbsp;<\/p>\n<p>Parte 1:<\/p>\n<audio class=\"wp-audio-shortcode\" id=\"audio-2580-1\" preload=\"none\" style=\"width: 100%;\" controls=\"controls\"><source type=\"audio\/mpeg\" src=\"http:\/\/conectamedia.s3.amazonaws.com\/068167695f04c1d0061d39038fc8fa26.mp3?_=1\" \/><a href=\"http:\/\/conectamedia.s3.amazonaws.com\/068167695f04c1d0061d39038fc8fa26.mp3\">http:\/\/conectamedia.s3.amazonaws.com\/068167695f04c1d0061d39038fc8fa26.mp3<\/a><\/audio>\n<p>&nbsp;<\/p>\n<p>Parte 2:<\/p>\n<audio class=\"wp-audio-shortcode\" id=\"audio-2580-2\" preload=\"none\" style=\"width: 100%;\" controls=\"controls\"><source type=\"audio\/mpeg\" src=\"http:\/\/conectamedia.s3.amazonaws.com\/0e4237d36a4b66a1c92d6d60b904108c.mp3?_=2\" \/><a href=\"http:\/\/conectamedia.s3.amazonaws.com\/0e4237d36a4b66a1c92d6d60b904108c.mp3\">http:\/\/conectamedia.s3.amazonaws.com\/0e4237d36a4b66a1c92d6d60b904108c.mp3<\/a><\/audio>\n<p>&nbsp;<\/p>\n<p>Parte 3:<\/p>\n<audio class=\"wp-audio-shortcode\" id=\"audio-2580-3\" preload=\"none\" style=\"width: 100%;\" controls=\"controls\"><source type=\"audio\/mpeg\" src=\"http:\/\/conectamedia.s3.amazonaws.com\/cec9e9d9fee1639e93da537a798a6ceb.mp3?_=3\" \/><a href=\"http:\/\/conectamedia.s3.amazonaws.com\/cec9e9d9fee1639e93da537a798a6ceb.mp3\">http:\/\/conectamedia.s3.amazonaws.com\/cec9e9d9fee1639e93da537a798a6ceb.mp3<\/a><\/audio>\n","protected":false},"excerpt":{"rendered":"<p>Entrevista a Eugenio Guzm\u00e1n, analista pol\u00edtico Universidad del Desarrollo Tema: Resultados encuesta CEP Estancamiento de Ricardo Lagos Preocupa pesimismo respecto a situaci\u00f3n del pa\u00eds Situaci\u00f3n de Manuel Jos\u00e9 Ossand\u00f3n Alejandro Guillier es el candidato m\u00e1s fuerte de la centro izquierda Habla: \u00a0Eugenio Guzm\u00e1n, analista pol\u00edtico Universidad del Desarrollo &nbsp; Parte 1: &nbsp; Parte 2: &nbsp; [&hellip;]<\/p>\n","protected":false},"author":22,"featured_media":893,"comment_status":"open","ping_status":"open","sticky":false,"template":"","format":"standard","meta":{"footnotes":""},"categories":[10162],"tags":[],"class_list":["post-2580","post","type-post","status-publish","format-standard","has-post-thumbnail","hentry","category-centro-en-la-prensa"],"featured_image_url":"https:\/\/gobierno.udd.cl\/cpp\/files\/2015\/05\/udd_cpp_prensa_340.png","_links":{"self":[{"href":"https:\/\/gobierno.udd.cl\/cpp\/wp-json\/wp\/v2\/posts\/2580","targetHints":{"allow":["GET"]}}],"collection":[{"href":"https:\/\/gobierno.udd.cl\/cpp\/wp-json\/wp\/v2\/posts"}],"about":[{"href":"https:\/\/gobierno.udd.cl\/cpp\/wp-json\/wp\/v2\/types\/post"}],"author":[{"embeddable":true,"href":"https:\/\/gobierno.udd.cl\/cpp\/wp-json\/wp\/v2\/users\/22"}],"replies":[{"embeddable":true,"href":"https:\/\/gobierno.udd.cl\/cpp\/wp-json\/wp\/v2\/comments?post=2580"}],"version-history":[{"count":1,"href":"https:\/\/gobierno.udd.cl\/cpp\/wp-json\/wp\/v2\/posts\/2580\/revisions"}],"predecessor-version":[{"id":2581,"href":"https:\/\/gobierno.udd.cl\/cpp\/wp-json\/wp\/v2\/posts\/2580\/revisions\/2581"}],"wp:featuredmedia":[{"embeddable":true,"href":"https:\/\/gobierno.udd.cl\/cpp\/wp-json\/wp\/v2\/media\/893"}],"wp:attachment":[{"href":"https:\/\/gobierno.udd.cl\/cpp\/wp-json\/wp\/v2\/media?parent=2580"}],"wp:term":[{"taxonomy":"category","embeddable":true,"href":"https:\/\/gobierno.udd.cl\/cpp\/wp-json\/wp\/v2\/categories?post=2580"},{"taxonomy":"post_tag","embeddable":true,"href":"https:\/\/gobierno.udd.cl\/cpp\/wp-json\/wp\/v2\/tags?post=2580"}],"curies":[{"name":"wp","href":"https:\/\/api.w.org\/{rel}","templated":true}]}}