{"id":2578,"date":"2017-01-11T23:25:22","date_gmt":"2017-01-12T02:25:22","guid":{"rendered":"http:\/\/gobierno.udd.cl\/cpp\/?p=2578"},"modified":"2017-01-11T23:25:22","modified_gmt":"2017-01-12T02:25:22","slug":"experto-y-analisis-de-la-cep-la-concertacion-sigue-teniendo-expectativas-en-ricardo-lagos-biobiochile","status":"publish","type":"post","link":"https:\/\/gobierno.udd.cl\/cpp\/noticias\/2017\/01\/11\/experto-y-analisis-de-la-cep-la-concertacion-sigue-teniendo-expectativas-en-ricardo-lagos-biobiochile\/","title":{"rendered":"Experto y an\u00e1lisis de la CEP: la Concertaci\u00f3n sigue teniendo expectativas en Ricardo Lagos &#8211; Biobiochile"},"content":{"rendered":"<p style=\"text-align: justify;\">La jornada estuvo marcada por los resultados de la encuesta CEP, donde se conoci\u00f3 que la aprobaci\u00f3n del Gobierno de Michelle Bachelet alcanz\u00f3 un 20%. Y en el lado de las presidenciales el 27% de los encuestados cree que Sebasti\u00e1n Pi\u00f1era ganar\u00e1, mientras que Alejandro Guillier es quien genera m\u00e1s confianza en los encuestados, y por su lado, Lagos sigue estancado con un 5%.<\/p>\n<p style=\"text-align: justify;\">En conversaci\u00f3n con el Podr\u00eda Ser Peor, Eugenio Guzm\u00e1n analista pol\u00edtico de la Universidad del Desarrollo, coment\u00f3 que el alza de Guillier de 13 puntos se debe a que en las encuestas anteriores no estaba como opci\u00f3n.<\/p>\n<p style=\"text-align: justify;\">De todas maneras, indic\u00f3 que tampoco hay que quitarle m\u00e9rito, ya que desde hace tiempo \u201c<strong>ha empezado a irrumpir de manera clara<\/strong>\u201c.<\/p>\n<p style=\"text-align: justify;\">En referencia a Ricargo Lagos y su porcentaje que no cambia, el experto manifest\u00f3 que igualmente \u201c<strong>al interior de la Nueva Mayor\u00eda, o m\u00e1s bien del mundo de la Concertaci\u00f3n sigue teniendo algunas expectativas en la figura de Lagos pero no son suficientes para que eso mueva las encuestas<\/strong> (\u2026) sin lugar a dudas hay un estancamiento en t\u00e9rminos de la opini\u00f3n general de la poblaci\u00f3n no cabe duda\u201d, sostuvo.<\/p>\n<p style=\"text-align: justify;\">Sin embargo, opin\u00f3 que muchas cosas reflejadas en la encuesta estaban anticipadas, argumentando que \u201cse le da demasiada expectativa\u201d.<\/p>\n<p style=\"text-align: justify;\">De todas maneras, se\u00f1al\u00f3 que el panorama es preocupante, sobre todo por el pesimismo de la gente, por lo mismo, asegur\u00f3 que \u201cel gran desaf\u00edo es despertar las expectativas, porque tienen impacto no solamente en la econom\u00eda, si no que tambi\u00e9n en t\u00e9rminos pol\u00edticos, y de confianza en las instituciones\u201d.<\/p>\n<p style=\"text-align: justify;\">Manuel Jos\u00e9 Ossand\u00f3n, tambi\u00e9n es uno de los nombres que se baraja para las elecciones del 2017, sobre todo si Pi\u00f1era decidiera no emprender una carrera hacia La Moneda, sin embargo, Guzm\u00e1n mira con escepticismo que Ossand\u00f3n pueda repuntar en las encuestas como para ganar las presidenciales.<\/p>\n<p style=\"text-align: justify;\">\u201c<strong>En un escenario que no estuviera Pi\u00f1era no veo c\u00f3mo un candidato como Ossand\u00f3n, si ocurriera esto, pueda recuperar terreno al punto de poder enfrentar a algunos de los candidatos como Guillier que claramente hoy d\u00eda se ve como el candidato m\u00e1s fuerte de la Nueva Mayor\u00eda<\/strong>\u201c.<\/p>\n<p style=\"text-align: justify;\">Por otra parte, el experto analiz\u00f3 los resultados que reflejan la poca confianza que tiene la ciudadan\u00eda en los medios de comunicaci\u00f3n.<\/p>\n<p style=\"text-align: justify;\">\u201cEstamos viviendo una situaci\u00f3n de un ciudadano muy esc\u00e9ptico, sobre todo estos millennials, estos j\u00f3venes que son m\u00e1s desconfiados, m\u00e1s esc\u00e9pticos, m\u00e1s individualistas en algunos sentidos y que componen un segmento importante de la poblaci\u00f3n y que est\u00e1n representados en este tipo de encuesta\u201d.<\/p>\n<p style=\"text-align: justify;\">Adem\u00e1s, asegur\u00f3 que influyen las m\u00faltiples v\u00edas de informaci\u00f3n que hoy d\u00eda existen y est\u00e1n al alcance de casi toda la poblaci\u00f3n.<\/p>\n<p style=\"text-align: justify;\">\u201cLa gente ya no se informa solamente por los medios, se informa por redes sociales, a trav\u00e9s de Internet en la multitud de medios formales e informales que existen, por lo tanto hay mucha m\u00e1s competencia en t\u00e9rminos de mercado de la informaci\u00f3n\u201d, determin\u00f3.<\/p>\n<p style=\"text-align: justify;\">Parte 1:<br \/>\n<iframe loading=\"lazy\" src=\"http:\/\/rudo.video\/vod\/oUbDwEif6j\" width=\"600\" height=\"338\" allowfullscreen=\"allowfullscreen\"><\/iframe><\/p>\n<p style=\"text-align: justify;\">\n<p style=\"text-align: justify;\">Parte 2:<\/p>\n<p style=\"text-align: justify;\">\n<iframe loading=\"lazy\" src=\"http:\/\/rudo.video\/vod\/b4yYYeIwmd\" width=\"600\" height=\"338\" allowfullscreen=\"allowfullscreen\"><\/iframe><\/p>\n","protected":false},"excerpt":{"rendered":"<p>La jornada estuvo marcada por los resultados de la encuesta CEP, donde se conoci\u00f3 que la aprobaci\u00f3n del Gobierno de Michelle Bachelet alcanz\u00f3 un 20%. Y en el lado de las presidenciales el 27% de los encuestados cree que Sebasti\u00e1n Pi\u00f1era ganar\u00e1, mientras que Alejandro Guillier es quien genera m\u00e1s confianza en los encuestados, y [&hellip;]<\/p>\n","protected":false},"author":22,"featured_media":893,"comment_status":"open","ping_status":"open","sticky":false,"template":"","format":"standard","meta":{"footnotes":""},"categories":[10162],"tags":[],"class_list":["post-2578","post","type-post","status-publish","format-standard","has-post-thumbnail","hentry","category-centro-en-la-prensa"],"featured_image_url":"https:\/\/gobierno.udd.cl\/cpp\/files\/2015\/05\/udd_cpp_prensa_340.png","_links":{"self":[{"href":"https:\/\/gobierno.udd.cl\/cpp\/wp-json\/wp\/v2\/posts\/2578","targetHints":{"allow":["GET"]}}],"collection":[{"href":"https:\/\/gobierno.udd.cl\/cpp\/wp-json\/wp\/v2\/posts"}],"about":[{"href":"https:\/\/gobierno.udd.cl\/cpp\/wp-json\/wp\/v2\/types\/post"}],"author":[{"embeddable":true,"href":"https:\/\/gobierno.udd.cl\/cpp\/wp-json\/wp\/v2\/users\/22"}],"replies":[{"embeddable":true,"href":"https:\/\/gobierno.udd.cl\/cpp\/wp-json\/wp\/v2\/comments?post=2578"}],"version-history":[{"count":1,"href":"https:\/\/gobierno.udd.cl\/cpp\/wp-json\/wp\/v2\/posts\/2578\/revisions"}],"predecessor-version":[{"id":2579,"href":"https:\/\/gobierno.udd.cl\/cpp\/wp-json\/wp\/v2\/posts\/2578\/revisions\/2579"}],"wp:featuredmedia":[{"embeddable":true,"href":"https:\/\/gobierno.udd.cl\/cpp\/wp-json\/wp\/v2\/media\/893"}],"wp:attachment":[{"href":"https:\/\/gobierno.udd.cl\/cpp\/wp-json\/wp\/v2\/media?parent=2578"}],"wp:term":[{"taxonomy":"category","embeddable":true,"href":"https:\/\/gobierno.udd.cl\/cpp\/wp-json\/wp\/v2\/categories?post=2578"},{"taxonomy":"post_tag","embeddable":true,"href":"https:\/\/gobierno.udd.cl\/cpp\/wp-json\/wp\/v2\/tags?post=2578"}],"curies":[{"name":"wp","href":"https:\/\/api.w.org\/{rel}","templated":true}]}}