{"id":2574,"date":"2017-01-11T23:21:42","date_gmt":"2017-01-12T02:21:42","guid":{"rendered":"http:\/\/gobierno.udd.cl\/cpp\/?p=2574"},"modified":"2017-01-11T23:22:15","modified_gmt":"2017-01-12T02:22:15","slug":"academicos-desmenuzan-la-cep-la-gente-dice-y-piensa-que-pinera-es-un-mal-menor-adn-radio","status":"publish","type":"post","link":"https:\/\/gobierno.udd.cl\/cpp\/noticias\/2017\/01\/11\/academicos-desmenuzan-la-cep-la-gente-dice-y-piensa-que-pinera-es-un-mal-menor-adn-radio\/","title":{"rendered":"Acad\u00e9micos desmenuzan la CEP: \u00abLa gente dice y piensa que Pi\u00f1era es un mal menor\u00bb &#8211; ADN Radio"},"content":{"rendered":"<p style=\"text-align: justify;\">Los acad\u00e9micos\u00a0<strong>Miguel Angel Fern\u00e1ndez<\/strong>, profesor\u00a0de la Facultad de Gobierno de la <span class=\"highlight\">Universidad<\/span> <span class=\"highlight\">del<\/span> <span class=\"highlight\">Desarrollo<\/span>, y <strong>Ren\u00e9 Jara<\/strong>, profesor de la Universidad de Santiago, conversaron en <strong>Mediod\u00eda en ADN<\/strong>\u00a0acerca de los resultados de la encuesta CEP.<\/p>\n<p style=\"text-align: justify;\">Respecto a la Nueva Mayor\u00eda, para Jara la CEP revela que\u00a0\u00abel candidato de las encuestas es b\u00e1sicamente Guillier\u00bb, quien ser\u00eda \u00abun candidato auspicioso\u00bb para la coalici\u00f3n de gobierno \u00abaunque se declare independiente\u00bb.<\/p>\n<p style=\"text-align: justify;\">Por su parte, Fern\u00e1ndez asegura que\u00a0\u00abes interesante ver c\u00f3mo la ciudadania est\u00e1 tan indecisa por primera vez en 15 a\u00f1os\u00bb, y que\u00a0\u00abla gente dice y piensa que Pi\u00f1era es un mal menor\u00bb.<\/p>\n<p style=\"text-align: justify;\"><iframe loading=\"lazy\" src=\"http:\/\/envivo.adnradio.cl\/widget\/audio\/3348683\/93\" width=\"100%\" height=\"102\" frameborder=\"0\" allowfullscreen=\"allowfullscreen\"><\/iframe><\/p>\n","protected":false},"excerpt":{"rendered":"<p>Los acad\u00e9micos\u00a0Miguel Angel Fern\u00e1ndez, profesor\u00a0de la Facultad de Gobierno de la Universidad del Desarrollo, y Ren\u00e9 Jara, profesor de la Universidad de Santiago, conversaron en Mediod\u00eda en ADN\u00a0acerca de los resultados de la encuesta CEP. Respecto a la Nueva Mayor\u00eda, para Jara la CEP revela que\u00a0\u00abel candidato de las encuestas es b\u00e1sicamente Guillier\u00bb, quien ser\u00eda [&hellip;]<\/p>\n","protected":false},"author":22,"featured_media":893,"comment_status":"open","ping_status":"open","sticky":false,"template":"","format":"standard","meta":{"footnotes":""},"categories":[10162],"tags":[],"class_list":["post-2574","post","type-post","status-publish","format-standard","has-post-thumbnail","hentry","category-centro-en-la-prensa"],"featured_image_url":"https:\/\/gobierno.udd.cl\/cpp\/files\/2015\/05\/udd_cpp_prensa_340.png","_links":{"self":[{"href":"https:\/\/gobierno.udd.cl\/cpp\/wp-json\/wp\/v2\/posts\/2574","targetHints":{"allow":["GET"]}}],"collection":[{"href":"https:\/\/gobierno.udd.cl\/cpp\/wp-json\/wp\/v2\/posts"}],"about":[{"href":"https:\/\/gobierno.udd.cl\/cpp\/wp-json\/wp\/v2\/types\/post"}],"author":[{"embeddable":true,"href":"https:\/\/gobierno.udd.cl\/cpp\/wp-json\/wp\/v2\/users\/22"}],"replies":[{"embeddable":true,"href":"https:\/\/gobierno.udd.cl\/cpp\/wp-json\/wp\/v2\/comments?post=2574"}],"version-history":[{"count":2,"href":"https:\/\/gobierno.udd.cl\/cpp\/wp-json\/wp\/v2\/posts\/2574\/revisions"}],"predecessor-version":[{"id":2577,"href":"https:\/\/gobierno.udd.cl\/cpp\/wp-json\/wp\/v2\/posts\/2574\/revisions\/2577"}],"wp:featuredmedia":[{"embeddable":true,"href":"https:\/\/gobierno.udd.cl\/cpp\/wp-json\/wp\/v2\/media\/893"}],"wp:attachment":[{"href":"https:\/\/gobierno.udd.cl\/cpp\/wp-json\/wp\/v2\/media?parent=2574"}],"wp:term":[{"taxonomy":"category","embeddable":true,"href":"https:\/\/gobierno.udd.cl\/cpp\/wp-json\/wp\/v2\/categories?post=2574"},{"taxonomy":"post_tag","embeddable":true,"href":"https:\/\/gobierno.udd.cl\/cpp\/wp-json\/wp\/v2\/tags?post=2574"}],"curies":[{"name":"wp","href":"https:\/\/api.w.org\/{rel}","templated":true}]}}