{"id":2571,"date":"2017-01-11T23:19:33","date_gmt":"2017-01-12T02:19:33","guid":{"rendered":"http:\/\/gobierno.udd.cl\/cpp\/?p=2571"},"modified":"2017-01-11T23:20:03","modified_gmt":"2017-01-12T02:20:03","slug":"reacciones-tras-encuesta-cep-24-horas","status":"publish","type":"post","link":"https:\/\/gobierno.udd.cl\/cpp\/noticias\/2017\/01\/11\/reacciones-tras-encuesta-cep-24-horas\/","title":{"rendered":"Reacciones tras encuesta CEP &#8211; 24 Horas"},"content":{"rendered":"<p style=\"text-align: justify;\">Panelistas: Sergio Escobar, director de comunicaciones de las U. Central, Max Colodro, analista pol\u00edtico, Gonzalo M\u00fcller, director del programa de opini\u00f3n p\u00fablica de la Facultad de Gobierno de la <span class=\"highlight\">Universidad<\/span> <span class=\"highlight\">del<\/span> <span class=\"highlight\">Desarrollo<\/span> y Laura Albornoz, profesora facultad de derecho de la Universidad de Chile.<\/p>\n<div style=\"text-align: justify;\">Tema:<\/div>\n<ul style=\"text-align: justify;\">\n<li>Reacciones tras encuesta CEP.<\/li>\n<li>Evaluaciones tras encuesta CEP.<\/li>\n<li>Encuesta se\u00f1ala que Pi\u00f1era es el mejor perfilado.<\/li>\n<li>Guillier le sigue los pasos a Pi\u00f1era.<\/li>\n<li>La gente hoy demanda otro tipo de liderazgo.<\/li>\n<li>No hay temerle a las primarias.<\/li>\n<li>Resultados de la encuesta y los resultados sobre el gobierno.<\/li>\n<li>El rol de la pol\u00edtica dentro de la sociedad.<\/li>\n<\/ul>\n<div style=\"text-align: justify;\"><\/div>\n<div style=\"text-align: justify;\"><b>Menci\u00f3n:<\/b><\/div>\n<ul style=\"text-align: justify;\">\n<li>Adimark.<\/li>\n<\/ul>\n<p style=\"text-align: justify;\">Parte 1:<\/p>\n<div style=\"width: 640px;\" class=\"wp-video\"><video class=\"wp-video-shortcode\" id=\"video-2571-1\" width=\"640\" height=\"360\" preload=\"metadata\" controls=\"controls\"><source type=\"video\/mp4\" src=\"http:\/\/map.conectamedia.cl\/index.php\/clippingNews\/descargar?id=0312635b2ccb01a44556888e0ef2b882_2.mp4&#038;_=1\" \/><a href=\"http:\/\/map.conectamedia.cl\/index.php\/clippingNews\/descargar?id=0312635b2ccb01a44556888e0ef2b882_2.mp4\">http:\/\/map.conectamedia.cl\/index.php\/clippingNews\/descargar?id=0312635b2ccb01a44556888e0ef2b882_2.mp4<\/a><\/video><\/div>\n<p style=\"text-align: justify;\">\n<p style=\"text-align: justify;\">Parte 2:<\/p>\n<div style=\"width: 640px;\" class=\"wp-video\"><video class=\"wp-video-shortcode\" id=\"video-2571-2\" width=\"640\" height=\"360\" preload=\"metadata\" controls=\"controls\"><source type=\"video\/mp4\" src=\"http:\/\/map.conectamedia.cl\/index.php\/clippingNews\/descargar?id=bab075b959b48520f4a54b28712815e5_2.mp4&#038;_=2\" \/><a href=\"http:\/\/map.conectamedia.cl\/index.php\/clippingNews\/descargar?id=bab075b959b48520f4a54b28712815e5_2.mp4\">http:\/\/map.conectamedia.cl\/index.php\/clippingNews\/descargar?id=bab075b959b48520f4a54b28712815e5_2.mp4<\/a><\/video><\/div>\n","protected":false},"excerpt":{"rendered":"<p>Panelistas: Sergio Escobar, director de comunicaciones de las U. Central, Max Colodro, analista pol\u00edtico, Gonzalo M\u00fcller, director del programa de opini\u00f3n p\u00fablica de la Facultad de Gobierno de la Universidad del Desarrollo y Laura Albornoz, profesora facultad de derecho de la Universidad de Chile. Tema: Reacciones tras encuesta CEP. Evaluaciones tras encuesta CEP. Encuesta se\u00f1ala [&hellip;]<\/p>\n","protected":false},"author":22,"featured_media":893,"comment_status":"open","ping_status":"open","sticky":false,"template":"","format":"standard","meta":{"footnotes":""},"categories":[10162],"tags":[],"class_list":["post-2571","post","type-post","status-publish","format-standard","has-post-thumbnail","hentry","category-centro-en-la-prensa"],"featured_image_url":"https:\/\/gobierno.udd.cl\/cpp\/files\/2015\/05\/udd_cpp_prensa_340.png","_links":{"self":[{"href":"https:\/\/gobierno.udd.cl\/cpp\/wp-json\/wp\/v2\/posts\/2571","targetHints":{"allow":["GET"]}}],"collection":[{"href":"https:\/\/gobierno.udd.cl\/cpp\/wp-json\/wp\/v2\/posts"}],"about":[{"href":"https:\/\/gobierno.udd.cl\/cpp\/wp-json\/wp\/v2\/types\/post"}],"author":[{"embeddable":true,"href":"https:\/\/gobierno.udd.cl\/cpp\/wp-json\/wp\/v2\/users\/22"}],"replies":[{"embeddable":true,"href":"https:\/\/gobierno.udd.cl\/cpp\/wp-json\/wp\/v2\/comments?post=2571"}],"version-history":[{"count":2,"href":"https:\/\/gobierno.udd.cl\/cpp\/wp-json\/wp\/v2\/posts\/2571\/revisions"}],"predecessor-version":[{"id":2573,"href":"https:\/\/gobierno.udd.cl\/cpp\/wp-json\/wp\/v2\/posts\/2571\/revisions\/2573"}],"wp:featuredmedia":[{"embeddable":true,"href":"https:\/\/gobierno.udd.cl\/cpp\/wp-json\/wp\/v2\/media\/893"}],"wp:attachment":[{"href":"https:\/\/gobierno.udd.cl\/cpp\/wp-json\/wp\/v2\/media?parent=2571"}],"wp:term":[{"taxonomy":"category","embeddable":true,"href":"https:\/\/gobierno.udd.cl\/cpp\/wp-json\/wp\/v2\/categories?post=2571"},{"taxonomy":"post_tag","embeddable":true,"href":"https:\/\/gobierno.udd.cl\/cpp\/wp-json\/wp\/v2\/tags?post=2571"}],"curies":[{"name":"wp","href":"https:\/\/api.w.org\/{rel}","templated":true}]}}