{"id":2566,"date":"2017-01-11T23:13:20","date_gmt":"2017-01-12T02:13:20","guid":{"rendered":"http:\/\/gobierno.udd.cl\/cpp\/?p=2566"},"modified":"2017-01-11T23:16:20","modified_gmt":"2017-01-12T02:16:20","slug":"por-que-el-cep-no-pregunto-por-las-primarias-en-su-encuesta-la-tercera","status":"publish","type":"post","link":"https:\/\/gobierno.udd.cl\/cpp\/noticias\/2017\/01\/11\/por-que-el-cep-no-pregunto-por-las-primarias-en-su-encuesta-la-tercera\/","title":{"rendered":"\u00bfPor qu\u00e9 el CEP no pregunt\u00f3 por las primarias en su encuesta? &#8211; La Tercera"},"content":{"rendered":"<p style=\"text-align: justify;\">La esperada encuesta CEP dej\u00f3 varios resultados para analizar, pero una cifra inc\u00f3gnita. A diferencia de lo que hab\u00eda ocurrido en la encuesta de noviembre y diciembre de 2012 -la equivalente para la elecci\u00f3n presidencial anterior-, el sondeo del centro de estudios no incluy\u00f3 preguntas de primarias al interior de las coaliciones, ni tampoco una consulta directa sobre intenci\u00f3n de voto.<\/p>\n<p style=\"text-align: justify;\">Las dos l\u00e1minas mostradas por Ricardo Gonz\u00e1lez, coordinador de Opini\u00f3n P\u00fablica del CEP, reflejaron una pregunta a los encuestados sobre qui\u00e9n cree que ser\u00e1 el pr\u00f3ximo presidente y qui\u00e9n le gustar\u00eda que fuera el nuevo mandatario. En 2012, el sondeo incluy\u00f3 tambi\u00e9n la consulta sobre por qu\u00e9 candidato votar\u00eda si la elecci\u00f3n fuera el pr\u00f3ximo domingo, m\u00e1s escenarios de primarias en la entonces Alianza y la Nueva Mayor\u00eda, midiendo a todos los candidatos declarados hasta ese momento y los que se ve\u00edan como potenciales figuras.<\/p>\n<p style=\"text-align: justify;\">De hecho, esa encuesta marc\u00f3 una amplia diferencia de Michelle Bachelet contra cualquiera de los candidatos y en cualquier escenario, tanto al interior de su propio bloque como en la contienda general.<\/p>\n<p style=\"text-align: justify;\">Desde el CEP se\u00f1alaron que fue su Comit\u00e9 de Opini\u00f3n P\u00fablica el que tom\u00f3 la decisi\u00f3n. \u201cPara simular adecuadamente un escenario de primarias nos parece necesario especificar la lista de candidatos de cada sector, y que las personas escojan la primaria en la que votar\u00e1n y el candidato de su preferencia. Como las listas de candidatos de las primarias no est\u00e1n definidas a\u00fan, el Comit\u00e9 de Opini\u00f3n P\u00fablica del CEP no consider\u00f3 adecuado incorporar preguntas para esa elecci\u00f3n\u201d, se\u00f1al\u00f3 la entidad.<\/p>\n<p style=\"text-align: justify;\">En 2012, Bachelet a\u00fan era jefa de ONU Mujeres y hab\u00eda aplazado su decisi\u00f3n diciendo que hablar\u00eda \u201cen marzo\u201d, por lo que se evaluaron escenarios con ella y sin ella compitiendo; Andr\u00e9s Velasco confirmaba su postulaci\u00f3n presidencial, pero a\u00fan hab\u00eda dudas sobre si ser\u00eda aceptado en la primaria de la Nueva Mayor\u00eda; Ximena Rinc\u00f3n y Claudio Orrego estaban a semanas de medirse en una elecci\u00f3n interna, y Jos\u00e9 Antonio G\u00f3mez hab\u00eda sido proclamado candidato a mediados de a\u00f1o por el PR. En la derecha, en tanto, Laurence Golborne y Andr\u00e9s Allamand hab\u00edan salido del gabinete y se preparaban para lo que se presum\u00eda ser\u00eda el frente a frente entre ambos.<\/p>\n<p style=\"text-align: justify;\">De todas formas, los n\u00fameros eran esperados por los analistas pol\u00edticos y expertos electorales, quienes reconocieron su decepci\u00f3n. Por ejemplo, tanto el diputado Pepe Auth como Gonzalo M\u00fcller, profesor de la <span class=\"highlight\">UDD<\/span> y experto vinculado a la UDI, se\u00f1alaron en conversaci\u00f3n con La Tercera durante un programa de an\u00e1lisis de los resultados que estaban aguardando las preguntas para proyectar escenarios, y que en esa l\u00ednea la encuesta qued\u00f3 \u201cen deuda\u201d.<\/p>\n<p style=\"text-align: justify;\">Auth fue m\u00e1s all\u00e1, y sugiri\u00f3 que la decisi\u00f3n de no incluir la consulta pudo tener que ver con la situaci\u00f3n del ex presidente Ricardo Lagos, quien aparece en la menci\u00f3n espont\u00e1nea detr\u00e1s del senador Alejandro Guillier. \u201cYo creo que el CEP lo protegi\u00f3 de una derrota m\u00e1s altisonante y definitiva, al omitir un estudio en profundidad de la cuesti\u00f3n presidencial\u201d, se\u00f1al\u00f3.<\/p>\n<p style=\"text-align: justify;\">Ver nota publicada en el siguiente enlace:<br \/>\n<a href=\"http:\/\/www.latercera.com\/noticia\/cep-no-incluyo-escenario-primarias-encuesta\/\" target=\"_blank\">http:\/\/www.latercera.com\/noticia\/cep-no-incluyo-escenario-primarias-encuesta\/<\/a><\/p>\n","protected":false},"excerpt":{"rendered":"<p>La esperada encuesta CEP dej\u00f3 varios resultados para analizar, pero una cifra inc\u00f3gnita. A diferencia de lo que hab\u00eda ocurrido en la encuesta de noviembre y diciembre de 2012 -la equivalente para la elecci\u00f3n presidencial anterior-, el sondeo del centro de estudios no incluy\u00f3 preguntas de primarias al interior de las coaliciones, ni tampoco una [&hellip;]<\/p>\n","protected":false},"author":22,"featured_media":893,"comment_status":"open","ping_status":"open","sticky":false,"template":"","format":"standard","meta":{"footnotes":""},"categories":[10162],"tags":[],"class_list":["post-2566","post","type-post","status-publish","format-standard","has-post-thumbnail","hentry","category-centro-en-la-prensa"],"featured_image_url":"https:\/\/gobierno.udd.cl\/cpp\/files\/2015\/05\/udd_cpp_prensa_340.png","_links":{"self":[{"href":"https:\/\/gobierno.udd.cl\/cpp\/wp-json\/wp\/v2\/posts\/2566","targetHints":{"allow":["GET"]}}],"collection":[{"href":"https:\/\/gobierno.udd.cl\/cpp\/wp-json\/wp\/v2\/posts"}],"about":[{"href":"https:\/\/gobierno.udd.cl\/cpp\/wp-json\/wp\/v2\/types\/post"}],"author":[{"embeddable":true,"href":"https:\/\/gobierno.udd.cl\/cpp\/wp-json\/wp\/v2\/users\/22"}],"replies":[{"embeddable":true,"href":"https:\/\/gobierno.udd.cl\/cpp\/wp-json\/wp\/v2\/comments?post=2566"}],"version-history":[{"count":2,"href":"https:\/\/gobierno.udd.cl\/cpp\/wp-json\/wp\/v2\/posts\/2566\/revisions"}],"predecessor-version":[{"id":2570,"href":"https:\/\/gobierno.udd.cl\/cpp\/wp-json\/wp\/v2\/posts\/2566\/revisions\/2570"}],"wp:featuredmedia":[{"embeddable":true,"href":"https:\/\/gobierno.udd.cl\/cpp\/wp-json\/wp\/v2\/media\/893"}],"wp:attachment":[{"href":"https:\/\/gobierno.udd.cl\/cpp\/wp-json\/wp\/v2\/media?parent=2566"}],"wp:term":[{"taxonomy":"category","embeddable":true,"href":"https:\/\/gobierno.udd.cl\/cpp\/wp-json\/wp\/v2\/categories?post=2566"},{"taxonomy":"post_tag","embeddable":true,"href":"https:\/\/gobierno.udd.cl\/cpp\/wp-json\/wp\/v2\/tags?post=2566"}],"curies":[{"name":"wp","href":"https:\/\/api.w.org\/{rel}","templated":true}]}}