{"id":2547,"date":"2017-01-09T14:02:20","date_gmt":"2017-01-09T17:02:20","guid":{"rendered":"http:\/\/gobierno.udd.cl\/cpp\/?p=2547"},"modified":"2017-01-10T14:25:00","modified_gmt":"2017-01-10T17:25:00","slug":"investigadores-del-cpp-participan-de-la-decimo-tercera-version-de-la-weai","status":"publish","type":"post","link":"https:\/\/gobierno.udd.cl\/cpp\/noticias\/2017\/01\/09\/investigadores-del-cpp-participan-de-la-decimo-tercera-version-de-la-weai\/","title":{"rendered":"Investigadores del CPP participan de la d\u00e9cimo tercera versi\u00f3n de la WEAI"},"content":{"rendered":"<p style=\"text-align: justify;\">Los investigadores\u00a0Juan Pablo Couyoumdijian, Rodrigo Troncoso y Mauricio Apablaza participaron de la <a href=\"http:\/\/www.weai.org\/PR2017\" target=\"_blank\">XIII Conferencia Internacional<\/a> de la Western Economic Association International (WEAI). Adem\u00e1s, la directora del CPP, Francisca Dussaillant, particip\u00f3 como miembro del Comit\u00e9 organizativo.<\/p>\n<div style=\"text-align: justify;\">En la mesa de Historia de la Econom\u00eda de Chile, organizada por Francisca Dussaillant y presidida por Juan Pablo Couyoumdjian se presentaron los papers de Jos\u00e9 D\u00edaz (PUC) y Gert Wagner (PUC) \u00abGrowth and Unskilled Labor Wage\u00bb, el de Manuel Llorca-Jana (USACh), \u00abInequality in Chile before the First Globalization: An Approach Derived from Agricultural Income, 1830\u2019s-1850\u2019s\u00bb, y el de Cristian Larroulet (UDD) y Juan Pablo Couyoumdjian (UDD), \u00abIdeas, Institutions and Entrepreneurship: The Foundations of Economic Growth in 19th Century Chile\u00bb.<\/div>\n<div style=\"text-align: justify;\"><\/div>\n<div style=\"text-align: justify;\">Por otra\u00a0parte, Rodrigo Troncoso (UDD) con Pauilna Henoch (LyD)\u00a0expusieron \u00abPoverty Dynamics in Chile Using Synthetic Panels\u00bb (descargar abajo) y Mauricio Apablaza \u00abMultidimensional Poverty\u00bb, ambos en la mesa \u00a0\u00abDin\u00e1micas de Pobreza y Comparaciones\u00bb, organizada por Francisca Dussaillant (UDD).<\/div>\n<div style=\"text-align: justify;\"><\/div>\n<div style=\"text-align: justify;\"><\/div>\n<div style=\"text-align: justify;\">Descargar <strong><a href=\"http:\/\/gobierno.udd.cl\/cpp\/files\/2017\/01\/Poverty-Dynamics-in-Chile-Using-Synthetic-Panels.pdf\" rel=\"\">Poverty Dynamics in Chile Using Synthetic Panels<\/a><\/strong><\/div>\n<div style=\"text-align: justify;\"><\/div>\n<div style=\"text-align: justify;\">revisar progroma <strong><a href=\"http:\/\/www.weai.org\/Content\/Files\/Santiago-program-www.pdf\" target=\"_blank\">AQU\u00cd.<\/a><\/strong><\/div>\n","protected":false},"excerpt":{"rendered":"<p>En esta versi\u00f3n de la conferencia internacional del Centro de Pol\u00edticas P\u00fablicas en conjunto con el Centro Latinoam\u00e9ricano de Pol\u00edticas P\u00fablicas PUC Chile oficiaron de soponsors de la organizaci\u00f3n.<\/p>\n","protected":false},"author":22,"featured_media":2548,"comment_status":"open","ping_status":"open","sticky":false,"template":"","format":"standard","meta":{"footnotes":""},"categories":[4],"tags":[],"class_list":["post-2547","post","type-post","status-publish","format-standard","has-post-thumbnail","hentry","category-noticias"],"featured_image_url":"https:\/\/gobierno.udd.cl\/cpp\/files\/2017\/01\/TRncoso-WEIA.jpg","_links":{"self":[{"href":"https:\/\/gobierno.udd.cl\/cpp\/wp-json\/wp\/v2\/posts\/2547","targetHints":{"allow":["GET"]}}],"collection":[{"href":"https:\/\/gobierno.udd.cl\/cpp\/wp-json\/wp\/v2\/posts"}],"about":[{"href":"https:\/\/gobierno.udd.cl\/cpp\/wp-json\/wp\/v2\/types\/post"}],"author":[{"embeddable":true,"href":"https:\/\/gobierno.udd.cl\/cpp\/wp-json\/wp\/v2\/users\/22"}],"replies":[{"embeddable":true,"href":"https:\/\/gobierno.udd.cl\/cpp\/wp-json\/wp\/v2\/comments?post=2547"}],"version-history":[{"count":2,"href":"https:\/\/gobierno.udd.cl\/cpp\/wp-json\/wp\/v2\/posts\/2547\/revisions"}],"predecessor-version":[{"id":2551,"href":"https:\/\/gobierno.udd.cl\/cpp\/wp-json\/wp\/v2\/posts\/2547\/revisions\/2551"}],"wp:featuredmedia":[{"embeddable":true,"href":"https:\/\/gobierno.udd.cl\/cpp\/wp-json\/wp\/v2\/media\/2548"}],"wp:attachment":[{"href":"https:\/\/gobierno.udd.cl\/cpp\/wp-json\/wp\/v2\/media?parent=2547"}],"wp:term":[{"taxonomy":"category","embeddable":true,"href":"https:\/\/gobierno.udd.cl\/cpp\/wp-json\/wp\/v2\/categories?post=2547"},{"taxonomy":"post_tag","embeddable":true,"href":"https:\/\/gobierno.udd.cl\/cpp\/wp-json\/wp\/v2\/tags?post=2547"}],"curies":[{"name":"wp","href":"https:\/\/api.w.org\/{rel}","templated":true}]}}