{"id":2523,"date":"2017-01-04T23:17:51","date_gmt":"2017-01-05T02:17:51","guid":{"rendered":"http:\/\/gobierno.udd.cl\/cpp\/?p=2523"},"modified":"2017-01-04T23:21:08","modified_gmt":"2017-01-05T02:21:08","slug":"eugenio-guzman-perdon-o-no-a-los-militares-radio-cooperativa","status":"publish","type":"post","link":"https:\/\/gobierno.udd.cl\/cpp\/noticias\/2017\/01\/04\/eugenio-guzman-perdon-o-no-a-los-militares-radio-cooperativa\/","title":{"rendered":"Eugenio Guzm\u00e1n: Perd\u00f3n o no a los militares &#8211; Radio Cooperativa"},"content":{"rendered":"<p style=\"text-align: justify;\">Panelistas: Clarisa Hardy, ex ministra, Eugenio Guzm\u00e1n, consejero pol\u00edticas p\u00fablicas de Libertad y <span class=\"highlight\">Desarrollo<\/span> y decano Facultad de Gobierno <span class=\"highlight\">Universidad<\/span> <span class=\"highlight\">del<\/span> <span class=\"highlight\">Desarrollo<\/span>, y Gutemberg Mart\u00ednez, rector de la Universidad Miguel de Cervantes y consejero de la DC.<\/p>\n<p style=\"text-align: justify;\"><strong>Temas:<\/strong><\/p>\n<ul>\n<li style=\"text-align: justify;\">Resultados de la PSU.<\/li>\n<li style=\"text-align: justify;\">Bachelet en entrevista en radio Sonar se refiri\u00f3 a caso Caval.<\/li>\n<li style=\"text-align: justify;\">Caso de perd\u00f3n o no a los militares detenidos en Punta Peuco.<\/li>\n<li style=\"text-align: justify;\">Hay informaci\u00f3n que nunca se va a saber.<\/li>\n<li style=\"text-align: justify;\">La verdad judicial establece que la vida en sociedad es efectivamente lo que sucedi\u00f3.<\/li>\n<\/ul>\n<div style=\"text-align: justify;\">\n<p>-El acto de pedir perd\u00f3n corresponde a un acto personal.<\/p>\n<p><b>Menci\u00f3n:<\/b><\/p>\n<ul>\n<li>Universidad Alberto Hurtado.<\/li>\n<li>Sename.<\/li>\n<li>Caval.<\/li>\n<\/ul>\n<\/div>\n<div style=\"text-align: justify;\">Parte 1:<\/div>\n<p><audio class=\"wp-audio-shortcode\" id=\"audio-2523-1\" preload=\"none\" style=\"width: 100%;\" controls=\"controls\"><source type=\"audio\/mpeg\" src=\"http:\/\/map.conectamedia.cl\/index.php\/clippingNews\/descargar?id=d7ee2ec9c8edf84afc9f4a2da4626f7e.mp3&#038;_=1\" \/><a href=\"http:\/\/map.conectamedia.cl\/index.php\/clippingNews\/descargar?id=d7ee2ec9c8edf84afc9f4a2da4626f7e.mp3\">http:\/\/map.conectamedia.cl\/index.php\/clippingNews\/descargar?id=d7ee2ec9c8edf84afc9f4a2da4626f7e.mp3<\/a><\/audio><br \/>\n<\/p>\n<div style=\"text-align: justify;\">Parte 2:<\/div>\n<audio class=\"wp-audio-shortcode\" id=\"audio-2523-2\" preload=\"none\" style=\"width: 100%;\" controls=\"controls\"><source type=\"audio\/mpeg\" src=\"http:\/\/map.conectamedia.cl\/index.php\/clippingNews\/descargar?id=989f8aedbd8b6647148e66cae6dd8514.mp3&#038;_=2\" \/><a href=\"http:\/\/map.conectamedia.cl\/index.php\/clippingNews\/descargar?id=989f8aedbd8b6647148e66cae6dd8514.mp3\">http:\/\/map.conectamedia.cl\/index.php\/clippingNews\/descargar?id=989f8aedbd8b6647148e66cae6dd8514.mp3<\/a><\/audio>\n","protected":false},"excerpt":{"rendered":"<p>Panelistas: Clarisa Hardy, ex ministra, Eugenio Guzm\u00e1n, consejero pol\u00edticas p\u00fablicas de Libertad y Desarrollo y decano Facultad de Gobierno Universidad del Desarrollo, y Gutemberg Mart\u00ednez, rector de la Universidad Miguel de Cervantes y consejero de la DC. Temas: Resultados de la PSU. Bachelet en entrevista en radio Sonar se refiri\u00f3 a caso Caval. Caso de [&hellip;]<\/p>\n","protected":false},"author":22,"featured_media":893,"comment_status":"open","ping_status":"open","sticky":false,"template":"","format":"standard","meta":{"footnotes":""},"categories":[10162],"tags":[],"class_list":["post-2523","post","type-post","status-publish","format-standard","has-post-thumbnail","hentry","category-centro-en-la-prensa"],"featured_image_url":"https:\/\/gobierno.udd.cl\/cpp\/files\/2015\/05\/udd_cpp_prensa_340.png","_links":{"self":[{"href":"https:\/\/gobierno.udd.cl\/cpp\/wp-json\/wp\/v2\/posts\/2523","targetHints":{"allow":["GET"]}}],"collection":[{"href":"https:\/\/gobierno.udd.cl\/cpp\/wp-json\/wp\/v2\/posts"}],"about":[{"href":"https:\/\/gobierno.udd.cl\/cpp\/wp-json\/wp\/v2\/types\/post"}],"author":[{"embeddable":true,"href":"https:\/\/gobierno.udd.cl\/cpp\/wp-json\/wp\/v2\/users\/22"}],"replies":[{"embeddable":true,"href":"https:\/\/gobierno.udd.cl\/cpp\/wp-json\/wp\/v2\/comments?post=2523"}],"version-history":[{"count":7,"href":"https:\/\/gobierno.udd.cl\/cpp\/wp-json\/wp\/v2\/posts\/2523\/revisions"}],"predecessor-version":[{"id":2530,"href":"https:\/\/gobierno.udd.cl\/cpp\/wp-json\/wp\/v2\/posts\/2523\/revisions\/2530"}],"wp:featuredmedia":[{"embeddable":true,"href":"https:\/\/gobierno.udd.cl\/cpp\/wp-json\/wp\/v2\/media\/893"}],"wp:attachment":[{"href":"https:\/\/gobierno.udd.cl\/cpp\/wp-json\/wp\/v2\/media?parent=2523"}],"wp:term":[{"taxonomy":"category","embeddable":true,"href":"https:\/\/gobierno.udd.cl\/cpp\/wp-json\/wp\/v2\/categories?post=2523"},{"taxonomy":"post_tag","embeddable":true,"href":"https:\/\/gobierno.udd.cl\/cpp\/wp-json\/wp\/v2\/tags?post=2523"}],"curies":[{"name":"wp","href":"https:\/\/api.w.org\/{rel}","templated":true}]}}