{"id":2517,"date":"2017-01-04T23:12:40","date_gmt":"2017-01-05T02:12:40","guid":{"rendered":"http:\/\/gobierno.udd.cl\/cpp\/?p=2517"},"modified":"2017-01-04T23:12:40","modified_gmt":"2017-01-05T02:12:40","slug":"regiones-tienen-mejor-ranking-y-promedio-que-santiago-la-tercera","status":"publish","type":"post","link":"https:\/\/gobierno.udd.cl\/cpp\/noticias\/2017\/01\/04\/regiones-tienen-mejor-ranking-y-promedio-que-santiago-la-tercera\/","title":{"rendered":"Regiones tienen mejor ranking y promedio que Santiago &#8211; La Tercera"},"content":{"rendered":"<p style=\"text-align: justify;\">Siete puntos m\u00e1s en promedio ranking tiene el resto de las regiones del pa\u00eds en comparaci\u00f3n con Santiago. Algo similar se da cuando se mira el promedio NEM, donde la Regi\u00f3n Metropolitana tiene, en promedio, nueve puntos menos que el resto del pa\u00eds.<\/p>\n<p style=\"text-align: justify;\">Esta informaci\u00f3n llama la atenci\u00f3n una vez que se ven los resultados de la PSU, donde la capital del pa\u00eds concentra el mejor promedio y la mayor\u00eda de los puntajes nacionales.<\/p>\n<p style=\"text-align: justify;\">Mauricio Bravo, investigador de la <span class=\"highlight\">U<\/span>. <span class=\"highlight\">Del<\/span> <span class=\"highlight\">Desarrollo<\/span>, se\u0144al\u00f3 que en regiones hay menos escuelas que son selectivas, \u0093por lo tanto, puede haber una inflaci\u00f3n de las notas. Pero eso no significa que el alumno est\u00e1 efectivamente aprendiendo, al alumno no le va tan bien en la PSU precisamente porque no absorbi\u00f3 todos los contenidos\u0094<\/p>\n<p style=\"text-align: justify;\">Por otro lado, Francisco Javier Gil, profesor de la Usach, sostuvo que \u0093en regiones mucha gente vive en zonas rurales y no puede acceder a preuniversitarios. Adem\u00e1s, en los colegios no se pueden adiestrar para la PSU, como tiende a pasar en Santiago\u0094.<\/p>\n<p style=\"text-align: justify;\">Gil agreg\u00f3 que la PSU mide contenidos del curr\u00edculo y que \u0093los colegios que no est\u00e1n en las grandes ciudades muchas veces no alcanzan a pasar todo ese curr\u00edculum\u0094.<\/p>\n<p style=\"text-align: justify;\">Jorge Avil\u00e9s, abogado de Libertad y Desarrollo, explic\u00f3 que es dif\u00edcil determinar la raz\u00f3n, sin embargo, se\u0144al\u00f3 \u0093que en Santiago hay una mayor concentraci\u00f3n de liceos t\u00e9cnico-profesionales y, en general, las notas de estos alumnos son m\u00e1s bajas que las de los cient\u00edfico-humanistas\u0094, dijo Avil\u00e9s, quien a\u0144adi\u00f3 que \u0093lo que s\u00ed es claro es que cada colegio tiene su propio sistema de notas, por lo que comparar a los estudiantes por NEM o ranking genera muchas distorsiones al sistema\u0094.<\/p>\n<p style=\"text-align: justify;\"><a href=\"https:\/\/goo.gl\/M9WBp8\" target=\"_blank\"><img loading=\"lazy\" decoding=\"async\" class=\"aligncenter size-medium wp-image-2518\" src=\"http:\/\/gobierno.udd.cl\/cpp\/files\/2017\/01\/La_tercera_05-206x300.jpg\" alt=\"La_tercera_05\" width=\"206\" height=\"300\" srcset=\"https:\/\/gobierno.udd.cl\/cpp\/files\/2017\/01\/La_tercera_05-206x300.jpg 206w, https:\/\/gobierno.udd.cl\/cpp\/files\/2017\/01\/La_tercera_05-768x1118.jpg 768w, https:\/\/gobierno.udd.cl\/cpp\/files\/2017\/01\/La_tercera_05-703x1024.jpg 703w, https:\/\/gobierno.udd.cl\/cpp\/files\/2017\/01\/La_tercera_05-659x960.jpg 659w, https:\/\/gobierno.udd.cl\/cpp\/files\/2017\/01\/La_tercera_05.jpg 1131w\" sizes=\"auto, (max-width: 206px) 100vw, 206px\" \/><\/a><\/p>\n","protected":false},"excerpt":{"rendered":"<p>Siete puntos m\u00e1s en promedio ranking tiene el resto de las regiones del pa\u00eds en comparaci\u00f3n con Santiago. Algo similar se da cuando se mira el promedio NEM, donde la Regi\u00f3n Metropolitana tiene, en promedio, nueve puntos menos que el resto del pa\u00eds. Esta informaci\u00f3n llama la atenci\u00f3n una vez que se ven los resultados [&hellip;]<\/p>\n","protected":false},"author":22,"featured_media":893,"comment_status":"open","ping_status":"open","sticky":false,"template":"","format":"standard","meta":{"footnotes":""},"categories":[10162],"tags":[],"class_list":["post-2517","post","type-post","status-publish","format-standard","has-post-thumbnail","hentry","category-centro-en-la-prensa"],"featured_image_url":"https:\/\/gobierno.udd.cl\/cpp\/files\/2015\/05\/udd_cpp_prensa_340.png","_links":{"self":[{"href":"https:\/\/gobierno.udd.cl\/cpp\/wp-json\/wp\/v2\/posts\/2517","targetHints":{"allow":["GET"]}}],"collection":[{"href":"https:\/\/gobierno.udd.cl\/cpp\/wp-json\/wp\/v2\/posts"}],"about":[{"href":"https:\/\/gobierno.udd.cl\/cpp\/wp-json\/wp\/v2\/types\/post"}],"author":[{"embeddable":true,"href":"https:\/\/gobierno.udd.cl\/cpp\/wp-json\/wp\/v2\/users\/22"}],"replies":[{"embeddable":true,"href":"https:\/\/gobierno.udd.cl\/cpp\/wp-json\/wp\/v2\/comments?post=2517"}],"version-history":[{"count":1,"href":"https:\/\/gobierno.udd.cl\/cpp\/wp-json\/wp\/v2\/posts\/2517\/revisions"}],"predecessor-version":[{"id":2519,"href":"https:\/\/gobierno.udd.cl\/cpp\/wp-json\/wp\/v2\/posts\/2517\/revisions\/2519"}],"wp:featuredmedia":[{"embeddable":true,"href":"https:\/\/gobierno.udd.cl\/cpp\/wp-json\/wp\/v2\/media\/893"}],"wp:attachment":[{"href":"https:\/\/gobierno.udd.cl\/cpp\/wp-json\/wp\/v2\/media?parent=2517"}],"wp:term":[{"taxonomy":"category","embeddable":true,"href":"https:\/\/gobierno.udd.cl\/cpp\/wp-json\/wp\/v2\/categories?post=2517"},{"taxonomy":"post_tag","embeddable":true,"href":"https:\/\/gobierno.udd.cl\/cpp\/wp-json\/wp\/v2\/tags?post=2517"}],"curies":[{"name":"wp","href":"https:\/\/api.w.org\/{rel}","templated":true}]}}