{"id":2512,"date":"2017-01-04T23:09:15","date_gmt":"2017-01-05T02:09:15","guid":{"rendered":"http:\/\/gobierno.udd.cl\/cpp\/?p=2512"},"modified":"2017-01-04T23:09:28","modified_gmt":"2017-01-05T02:09:28","slug":"2016-y-las-lecciones-politicas-para-chile-diario-el-financiero","status":"publish","type":"post","link":"https:\/\/gobierno.udd.cl\/cpp\/noticias\/2017\/01\/04\/2016-y-las-lecciones-politicas-para-chile-diario-el-financiero\/","title":{"rendered":"2016 y las lecciones pol\u00edticas para Chile &#8211; Diario El Financiero"},"content":{"rendered":"<p style=\"text-align: justify;\">Entre los acontecimientos pol\u00edticos que han han marcado este 2016 \u2014de los que Chile debe- r\u00eda sacar lecciones para los a\u00f1os dif\u00edciles que vienen por delante para el pa\u00eds, Latinoam\u00e9rica y el resto del mundo\u2014, existe un elemento que cruza los escenarios.. la degradaci\u00f3n de la convivencia nacional, como la llama Ernesto Ottone, director de la c\u00e1tedra Globalizaci\u00f3n y Democracia de la Universidad Diego Portales.<\/p>\n<p style=\"text-align: justify;\">\u00abLos pa\u00edses avanzan cuando tienen conflictos regulados y existe un ambiente, un tejido social y una forma adecuada de tratarse. La democracia no son s\u00f3lo reglas, sino una cultura y eso es lo que ha venido a menos en Chile\u00bb, se\u00f1ala el soci\u00f3logo.<\/p>\n<p style=\"text-align: justify;\">\u00abEsta atm\u00f3sfera gru\u00f1ona, a mi juicio, le hace muy mal a los pa\u00edses, porque terminan decayendo en una suerte de mediocridad. Se deben bajar los decibeles\u00bb. Para el abogado y columnista Jorge Navarrete, ha debutado una nueva forma de discrepar:<\/p>\n<p style=\"text-align: justify;\">\u00abTanto Gaspar Rivas como B\u00e1rbara Figueroa se constituyeron en los s\u00edmbolos del deterioro en las maneras y el lenguaje, especialmente en un pa\u00eds que se olvid\u00f3 de discrepar con respeto y que m\u00e1s bien quiere desacreditar la legitimidad y base moral de sus adversarios\u00bb. Este 2016, analiza, fue el a\u00f1o de la consolidaci\u00f3n de la desconfianza: \u00abEsperanzas en cambios de gabinete que se desvanecieron, duras disputas y recriminaciones en partidos de una misma coalici\u00f3n pol\u00edtica, querellas presidenciales contra periodistas o elecciones municipales que mostraron una gran desafeccci\u00f3n ciudadana\u00bb. En los \u00faltimos 12 meses qued\u00f3 en evidencia que en Chile ha cambiado la relaci\u00f3n de los ciudadanos con la pol\u00edtica.<\/p>\n<p style=\"text-align: justify;\">De acuerdo a Marco Moreno, decano de la Facultad de Ciencias Pol\u00edticas y Administraci\u00f3n P\u00fablica de la Universidad Central, se trata del fen\u00f3meno de la \u00abdesacralizaci\u00f3n\u00bb: una sociedad que ha dejado de ser heroica y vive la pol\u00edtica ahora sin el dramatismo de anta\u00f1o.<\/p>\n<p style=\"text-align: justify;\">\u00abNo significa que todo nos d\u00e9 lo mismo, sino que tenemos hacia la pol\u00edtica un efecto desprovisto de pasi\u00f3n y entusiasmo. La \u00e9pica de los 80 y 90 que moviliz\u00f3 a millones se agot\u00f3\u00bb, indica el acad\u00e9mico. El soci\u00f3logo Eugenio Tironi se\u00f1ala que \u00abeste gobierno ha logrado algo que va en una direcci\u00f3n opuesta a lo que aspiraba: que la gente se interese menos en la pol\u00edtica como fuente de reformas que mejoren su vida\u00bb.<\/p>\n<p style=\"text-align: justify;\">\u00abAs\u00ed\u2014reflexiona\u2014el gobierno m\u00e1s socialista desde 1990 ha sido el que m\u00e1s promovi\u00f3 la privatizaci\u00f3n de los deseos e ilusiones de las personas\u00bb. La experiencia de esta administraci\u00f3n, a su juicio, ha dejado una lecci\u00f3n importante: \u00abQue las reformas no son el camino al para\u00edso, ni tampoco al infierno; que la vida buena nunca se alcanza plenamente y que s\u00f3lo se puede aspirar a una un poco mejor, lo que depende b\u00e1sicamente del esfuerzo de cada uno y del apoyo de quienes le rodean m\u00e1s cercanamente antes que de los modelos o las pol\u00edticas p\u00fablicas. Algunos toman esto con frustraci\u00f3n, otros con alivio y la mayor\u00eda lo hace con resignaci\u00f3n\u00bb.<\/p>\n<p style=\"text-align: justify;\">El economista Raphael Bergoeing, del Centro de Estudios P\u00fablicos (CEP), apunta a que este 2016 debiera dejarnos como lecci\u00f3n que \u00ablas personas importan\u00bb. \u00abMuchas veces los gobiernos culpan al resto del mundo de sus problemas, pero la verdad es que a los pa\u00edses les va bien o mal esencialmente como resultado de sus propios actos. Son nuestras propias pol\u00edticas las que definen lo que logramos\u00bb.<\/p>\n<p style=\"text-align: justify;\">El acad\u00e9mico ejemplifica con el \u00e1rea econ\u00f3mica: \u00abMientras el ex ministro M\u00e1ximo Pacheco sac\u00f3 adelante la agenda energ\u00e9tica y consigui\u00f3 avances que estaban pendientes durante m\u00e1s de una d\u00e9cada, la ex ministra Ximena Rinc\u00f3n termin\u00f3 dejando a todos descontentos con la reforma laboral y reconociendo que lo m\u00e1s probable es que muchas disputas acaben judicializ\u00e1ndose\u00bb. A la hora de los diagn\u00f3sticos y de asumir responsabilidades, Ottone indica que \u00abexiste una distancia de la realidad\u00bb. \u00abUn gobierno que dice que vamos bien y una oposici\u00f3n que dice que estamos al borde del abismo.<\/p>\n<p style=\"text-align: justify;\">Ninguna de esas dos cosas tiene relaci\u00f3n con una verdad que no est\u00e1 en ninguno de estos extremos. Hay una doble sordera que es muy grave\u00bb, se\u00f1ala el ex asesor del gobierno de Ricardo Lagos. De acuerdo a Tironi, esta administraci\u00f3n \u00abser\u00e1 recordada a la larga como todos los gobiernos modernos: ni tan deslumbrantes y fundacionales como lo creen sus creadores, ni tan mediocre y apocal\u00edptico como piensan sus opositores\u00bb.<\/p>\n<p style=\"text-align: justify;\">Gloria de la Fuente, directora ejecutiva de Chile 21, se\u00f1ala que una de las lecciones para todo el espectro pol\u00edtico que dej\u00f3 2016 \u00abfue que un proyecto transformador como el que se propuso el gobierno de Bachelet requiere una mayor\u00eda pol\u00edtica y social s\u00f3lida, que sea capaz de superar y procesar adecuadamente sus diferencias en funci\u00f3n de los compromisos asumidos con el pa\u00eds\u00bb.<\/p>\n<p style=\"text-align: justify;\">Los gobiernos de coalici\u00f3n le dan bienestar, estabilidad y prosperidad a reg\u00edmenes presidenciales y su poblaci\u00f3n, explica la cientista pol\u00edtica, pero en la medida que se cumplan dos condiciones: \u00abQue existan compromisos program\u00e1ticos, cohesi\u00f3n y capacidad para resolver conflictos y que estos gobiernos sean capaces de construir mayor\u00edas sociales que constituyan el sustento de apoyo de un proyecto colectivo\u00bb.<\/p>\n<p style=\"text-align: justify;\">La estabilidad es fundamental para que la inversi\u00f3n crezca, se\u00f1ala Bergoeing: \u00abEl dise\u00f1o de las pol\u00edticas importa, pero tanto o m\u00e1s importante es la claridad con la que estas pol\u00edticas se plantean. La econom\u00eda chilena se ha desacelerado, m\u00e1s que por el contenido de la reforma tributaria y laboral, por el ruido que ha generado su discusi\u00f3n y la poca claridad con respecto a su contenido definitivo\u00bb. Explica que durante estos primeros tres a\u00f1os del gobierno de Bachelet, el resultado en lo econ\u00f3mico ha sido inusualmente malo:<\/p>\n<p style=\"text-align: justify;\">\u00abEn el trienio 2014-16 hemos crecido en promedio bajo 2% por primera vez desde 1983-85 y la inversi\u00f3n caer\u00e1 durante cada uno de estos tres a\u00f1os, ahora por primera vez desde el 1971-73\u00bb. El investigador del CEP concluye: \u00abEl crecimiento no es todo, pero sin crecimiento es muy poco lo que se puede hacer\u00bb.<\/p>\n<p style=\"text-align: justify;\">En el mismo terreno econ\u00f3mico, Gonzalo M\u00fcller \u2014acad\u00e9mico y analista pol\u00edtico de la Facultad de Gobierno de la <span class=\"highlight\">Universidad<\/span> <span class=\"highlight\">del<\/span> <span class=\"highlight\">Desarrollo<\/span>\u2014 se\u00f1ala que 2016 dej\u00f3 una lecci\u00f3n trascendente: \u00abLa econom\u00eda s\u00ed importa al momento de votar\u00bb. Explica que la incertidumbre, la baja de la inversi\u00f3n y la inseguridad que muchos sienten en su empleo fue sin duda una de las razones por las cuales muchos \u2014especialmente en la clase media\u2014 fueron dejando de apoyar al gobierno y transform\u00e1ndose en sus m\u00e1s enconados cr\u00edticos.<\/p>\n<p style=\"text-align: justify;\">\u00abEl voto de castigo al mal manejo de la econom\u00eda sigue vigente como explicaci\u00f3n del porqu\u00e9 los chilenos votan como votan\u00bb, se\u00f1ala el investigador. Tironi piensa que en este 2016 no se ha discutido mucho de econom\u00eda y que las controversias en este campo se han moderado: \u00abPero la evoluci\u00f3n de la econom\u00eda ha sido el ruido de fondo de la marcha de la sociedad chilena en el \u00faltimo tiempo.<\/p>\n<p style=\"text-align: justify;\">Las personas no han tenido muchas energ\u00edas en especular sobre modelos o contra modelos: han tenido que enfocarse en proteger sus trabajos e ingresos, que comienzan a verse amenazados por el lento crecimiento\u00bb. Lo mismo ocurre con las empresas y empresarios, se\u00f1ala el soci\u00f3logo: \u00abEn lugar de protestara la espera de &#8216;correcciones&#8217; de efectos milagrosos, han tenido que volcarse a mejorar la productividad y a tratar de anticiparse, encontrando nuevas oportunidades\u00bb.<\/p>\n<p style=\"text-align: justify;\">De econom\u00eda no se ha hablado mucho\u2014reitera\u2014, pero ha sido la convidada de piedra de 2016. Navarrete enumera algunas de las lecciones pol\u00edticas de este a\u00f1o:<\/p>\n<p style=\"text-align: justify;\">1 La corrupci\u00f3n no es s\u00f3lo de pol\u00edticos o el sector p\u00fablico, como lo demostraron los casos medi\u00e1ticos de Jadue, Chang y Garay.<\/p>\n<p style=\"text-align: justify;\">2 Los temporales de abril, las inundaciones en Providencia y el reciente terremoto en Chilo\u00e9, pese a la notable resistencia de la infraestructura p\u00fablica y privada, am\u00e9n de la disciplina ciudadana, nos recuerda que estamos a merced de una fuerza que nos sorprende y que no podemos anticipar.<\/p>\n<p style=\"text-align: justify;\">3 Cuando se nace chicharra se muere cantando \u2014se\u00f1ala a prop\u00f3sito de Sebasti\u00e1n Pi\u00f1era\u2014. \u00abLo tiene todo para ser el pr\u00f3ximo Presidente de Chile pero, al igual que el escorpi\u00f3n, no puede contra su naturaleza. La temeridad, imprudencia, cuando no enfermedad que afecta a Pi\u00f1era, podr\u00eda poner a su sector en una posici\u00f3n muy dif\u00edcil en los pr\u00f3ximos meses\u00bb.<\/p>\n<p style=\"text-align: justify;\">Para M\u00fcller, sin embargo, Chile-Vamos tiene un panorama expectante por delante y la lecci\u00f3n de 2016 es que la unidad es el camino.<\/p>\n<p style=\"text-align: justify;\">\u00abCost\u00f3 mucho ponerse de acuerdo, pero la institucionalizaci\u00f3n del conglomerado, la coordinaci\u00f3n de los partidos, el poner por delante el proyecto colectivo y enfrentar con una estrategia com\u00fan las elecciones municipales fue la clave de un \u00e9xito hist\u00f3rico y marc\u00f3 el reencuentro de la derecha con sus electores\u00bb. Sea como fuere, explica Tironi, la pol\u00edtica misma se ha vuelto menos interesante y por esto la poblaci\u00f3n vota menos. \u00abComo no se sabe qui\u00e9nes finalmente ir\u00e1n a votar como efecto del voto voluntario\u2014, es dif\u00edcil prever el resultado de las elecciones\u00bb. Es lo que Moreno denomina \u00abescenario pol\u00edtico l\u00edquido\u00bb, marcado por la incertidumbre y la inestabilidad.<\/p>\n<p style=\"text-align: justify;\">\u00abEn un escenario de baja estabilidad, la capacidad de predicci\u00f3n de las encuestas y an\u00e1lisis de tendencia tambi\u00e9n es baja\u00bb, se\u00f1ala el investigador. \u00abSin embargo, los analistas, los medios, los periodistas, trabajamos con la racionalidad de las tendencias, seguimos las encuestas y evitamos salir de nuestra zona de confort. La gente com\u00fan y corriente no piensa ni act\u00faa necesariamente as\u00ed. No podemos seguir pensando que la realidad se equivoca\u00bb. Los temas que le importan a la ciudadan\u00eda parecen haber cambiado este 2016.<\/p>\n<p style=\"text-align: justify;\">Como apunta Navarrete a modo de ejemplo, la pensi\u00f3n de Myriam Olate en Gendarmer\u00eda desat\u00f3 la fuerza de un movimiento que se expres\u00f3 de manera multitudinaria en las calles y logr\u00f3 que el sistema de AFP se transformara en uno de los ejes de la pr\u00f3xima elecci\u00f3n presidencial.<\/p>\n<p style=\"text-align: justify;\">En 2016, en definitiva, irrumpi\u00f3 el voto tem\u00e1tico, se\u00f1ala Moreno: \u00abCuando un elector no vota en funci\u00f3n de factores estables \u2014como su posici\u00f3n social o sus valores pol\u00edticos\u2014, sino en funci\u00f3n del acuerdo o desacuerdo con un partido en torno a algunos de los temas en debate, se dice que este elector vota tem\u00e1ticamente. Temas como el de los inmigrantes y el debate que instal\u00f3 son un ejemplo claro de este fen\u00f3meno\u00bb.<\/p>\n<p style=\"text-align: justify;\">La sociedad chilena sigue su marcha, mostrando una notable vitalidad que la conduce a emanciparse de las elites. \u00abLo muestra, por ejemplo, el hecho de colocar temas que \u00e9stas no ten\u00edan en la agenda, como el abuso hacia la mujer o la suerte de los ni\u00f1os que est\u00e1n a cargo del Estado, entre otros\u00bb, se\u00f1ala Tironi, que vaticina el efecto Trump en la pol\u00edtica local para 2017.<\/p>\n<p style=\"text-align: justify;\">\u00abSu triunfo marca un antes y un despu\u00e9s. Representa el regreso del hard-power, frente a la ola de los a\u00f1os recientes, que tendi\u00f3 a idealizar el soft-power. Esto va de la mano de m\u00e1s proteccionismo, m\u00e1s nacionalismo, m\u00e1s pol\u00edticas industriales, m\u00e1s militares, m\u00e1s Estado y\u2014junto con esto\u2014, de menos mercado, menos globalizaci\u00f3n, menos cosmopolitismo y menos &#8216;buenismo\u00bb. Chile es especialmente sensible a los aires del Norte \u2014analiza Tironi\u2014 y el efecto Trump se sentir\u00e1 a\u00fan m\u00e1s el a\u00f1o que viene.<\/p>\n<p style=\"text-align: justify;\"><a href=\"https:\/\/goo.gl\/bs7DBZ\" target=\"_blank\"><img loading=\"lazy\" decoding=\"async\" class=\"aligncenter size-medium wp-image-2513\" src=\"http:\/\/gobierno.udd.cl\/cpp\/files\/2017\/01\/diario_financiero_01-215x300.jpg\" alt=\"diario_financiero_01\" width=\"215\" height=\"300\" srcset=\"https:\/\/gobierno.udd.cl\/cpp\/files\/2017\/01\/diario_financiero_01-215x300.jpg 215w, https:\/\/gobierno.udd.cl\/cpp\/files\/2017\/01\/diario_financiero_01-768x1073.jpg 768w, https:\/\/gobierno.udd.cl\/cpp\/files\/2017\/01\/diario_financiero_01-733x1024.jpg 733w, https:\/\/gobierno.udd.cl\/cpp\/files\/2017\/01\/diario_financiero_01-687x960.jpg 687w, https:\/\/gobierno.udd.cl\/cpp\/files\/2017\/01\/diario_financiero_01.jpg 1840w\" sizes=\"auto, (max-width: 215px) 100vw, 215px\" \/><\/a><\/p>\n<p style=\"text-align: justify;\"><a href=\"https:\/\/goo.gl\/C3j941\" target=\"_blank\"> <img loading=\"lazy\" decoding=\"async\" class=\"aligncenter size-medium wp-image-2514\" src=\"http:\/\/gobierno.udd.cl\/cpp\/files\/2017\/01\/diario_financiero_02-215x300.jpg\" alt=\"diario_financiero_02\" width=\"215\" height=\"300\" srcset=\"https:\/\/gobierno.udd.cl\/cpp\/files\/2017\/01\/diario_financiero_02-215x300.jpg 215w, https:\/\/gobierno.udd.cl\/cpp\/files\/2017\/01\/diario_financiero_02-768x1073.jpg 768w, https:\/\/gobierno.udd.cl\/cpp\/files\/2017\/01\/diario_financiero_02-733x1024.jpg 733w, https:\/\/gobierno.udd.cl\/cpp\/files\/2017\/01\/diario_financiero_02-687x960.jpg 687w, https:\/\/gobierno.udd.cl\/cpp\/files\/2017\/01\/diario_financiero_02.jpg 1840w\" sizes=\"auto, (max-width: 215px) 100vw, 215px\" \/><\/a><\/p>\n","protected":false},"excerpt":{"rendered":"<p>Entre los acontecimientos pol\u00edticos que han han marcado este 2016 \u2014de los que Chile debe- r\u00eda sacar lecciones para los a\u00f1os dif\u00edciles que vienen por delante para el pa\u00eds, Latinoam\u00e9rica y el resto del mundo\u2014, existe un elemento que cruza los escenarios.. la degradaci\u00f3n de la convivencia nacional, como la llama Ernesto Ottone, director de [&hellip;]<\/p>\n","protected":false},"author":22,"featured_media":893,"comment_status":"open","ping_status":"open","sticky":false,"template":"","format":"standard","meta":{"footnotes":""},"categories":[10162],"tags":[],"class_list":["post-2512","post","type-post","status-publish","format-standard","has-post-thumbnail","hentry","category-centro-en-la-prensa"],"featured_image_url":"https:\/\/gobierno.udd.cl\/cpp\/files\/2015\/05\/udd_cpp_prensa_340.png","_links":{"self":[{"href":"https:\/\/gobierno.udd.cl\/cpp\/wp-json\/wp\/v2\/posts\/2512","targetHints":{"allow":["GET"]}}],"collection":[{"href":"https:\/\/gobierno.udd.cl\/cpp\/wp-json\/wp\/v2\/posts"}],"about":[{"href":"https:\/\/gobierno.udd.cl\/cpp\/wp-json\/wp\/v2\/types\/post"}],"author":[{"embeddable":true,"href":"https:\/\/gobierno.udd.cl\/cpp\/wp-json\/wp\/v2\/users\/22"}],"replies":[{"embeddable":true,"href":"https:\/\/gobierno.udd.cl\/cpp\/wp-json\/wp\/v2\/comments?post=2512"}],"version-history":[{"count":2,"href":"https:\/\/gobierno.udd.cl\/cpp\/wp-json\/wp\/v2\/posts\/2512\/revisions"}],"predecessor-version":[{"id":2516,"href":"https:\/\/gobierno.udd.cl\/cpp\/wp-json\/wp\/v2\/posts\/2512\/revisions\/2516"}],"wp:featuredmedia":[{"embeddable":true,"href":"https:\/\/gobierno.udd.cl\/cpp\/wp-json\/wp\/v2\/media\/893"}],"wp:attachment":[{"href":"https:\/\/gobierno.udd.cl\/cpp\/wp-json\/wp\/v2\/media?parent=2512"}],"wp:term":[{"taxonomy":"category","embeddable":true,"href":"https:\/\/gobierno.udd.cl\/cpp\/wp-json\/wp\/v2\/categories?post=2512"},{"taxonomy":"post_tag","embeddable":true,"href":"https:\/\/gobierno.udd.cl\/cpp\/wp-json\/wp\/v2\/tags?post=2512"}],"curies":[{"name":"wp","href":"https:\/\/api.w.org\/{rel}","templated":true}]}}