{"id":2487,"date":"2017-01-04T22:42:20","date_gmt":"2017-01-05T01:42:20","guid":{"rendered":"http:\/\/gobierno.udd.cl\/cpp\/?p=2487"},"modified":"2017-01-04T22:46:01","modified_gmt":"2017-01-05T01:46:01","slug":"eugenio-guzman-escenario-politico-2016-2017-radio-infinita","status":"publish","type":"post","link":"https:\/\/gobierno.udd.cl\/cpp\/noticias\/2017\/01\/04\/eugenio-guzman-escenario-politico-2016-2017-radio-infinita\/","title":{"rendered":"Eugenio Guzm\u00e1n: Escenario pol\u00edtico 2016 &#8211; 2017 &#8211; Radio Infinita"},"content":{"rendered":"<p><strong>Escenario pol\u00edtico 2016-2017<\/strong><\/p>\n<p>&#8211; 2017 ser\u00e1 un a\u00f1o movido por tema de elecciones<br \/>\n&#8211; votantes de hoy son gente m\u00e1s comprometida con partidos o con la econom\u00eda<br \/>\n&#8211; la Concertaci\u00f3n no sobrevivi\u00f3 a la derrota de 2009, hay que ver que ocurre con la NM si es que pierde<br \/>\n&#8211; la otra izquierda: Boric, Jackson, etc.<br \/>\n&#8211; fin del binominal implicar\u00e1 fragmentaci\u00f3n de los pactos<br \/>\n&#8211; este gobierno ha cometido muchos errores de tipo comunicacional<\/p>\n<p><strong>Habla:<\/strong><br \/>\nEugenio Guzm\u00e1n, Decano de la Facultad de Gobierno UDD<\/p>\n<p><strong>Menci\u00f3n:<\/strong><br \/>\nCaval<\/p>\n<p>Parte 1:<\/p>\n<audio class=\"wp-audio-shortcode\" id=\"audio-2487-1\" preload=\"none\" style=\"width: 100%;\" controls=\"controls\"><source type=\"audio\/mpeg\" src=\"http:\/\/map.conectamedia.cl\/index.php\/clippingNews\/descargar?id=0800a9c75148f6fd1c2f8ca7efb891ce.mp3&#038;_=1\" \/><a href=\"http:\/\/map.conectamedia.cl\/index.php\/clippingNews\/descargar?id=0800a9c75148f6fd1c2f8ca7efb891ce.mp3\">http:\/\/map.conectamedia.cl\/index.php\/clippingNews\/descargar?id=0800a9c75148f6fd1c2f8ca7efb891ce.mp3<\/a><\/audio>\n<p>Parte 2:<\/p>\n<audio class=\"wp-audio-shortcode\" id=\"audio-2487-2\" preload=\"none\" style=\"width: 100%;\" controls=\"controls\"><source type=\"audio\/mpeg\" src=\"http:\/\/map.conectamedia.cl\/index.php\/clippingNews\/descargar?id=d59f85a6216e01f279e6a2b9db2c8a1f.mp3&#038;_=2\" \/><a href=\"http:\/\/map.conectamedia.cl\/index.php\/clippingNews\/descargar?id=d59f85a6216e01f279e6a2b9db2c8a1f.mp3\">http:\/\/map.conectamedia.cl\/index.php\/clippingNews\/descargar?id=d59f85a6216e01f279e6a2b9db2c8a1f.mp3<\/a><\/audio>\n","protected":false},"excerpt":{"rendered":"<p>Escenario pol\u00edtico 2016-2017 &#8211; 2017 ser\u00e1 un a\u00f1o movido por tema de elecciones &#8211; votantes de hoy son gente m\u00e1s comprometida con partidos o con la econom\u00eda &#8211; la Concertaci\u00f3n no sobrevivi\u00f3 a la derrota de 2009, hay que ver que ocurre con la NM si es que pierde &#8211; la otra izquierda: Boric, Jackson, [&hellip;]<\/p>\n","protected":false},"author":22,"featured_media":893,"comment_status":"open","ping_status":"open","sticky":false,"template":"","format":"standard","meta":{"footnotes":""},"categories":[10162],"tags":[],"class_list":["post-2487","post","type-post","status-publish","format-standard","has-post-thumbnail","hentry","category-centro-en-la-prensa"],"featured_image_url":"https:\/\/gobierno.udd.cl\/cpp\/files\/2015\/05\/udd_cpp_prensa_340.png","_links":{"self":[{"href":"https:\/\/gobierno.udd.cl\/cpp\/wp-json\/wp\/v2\/posts\/2487","targetHints":{"allow":["GET"]}}],"collection":[{"href":"https:\/\/gobierno.udd.cl\/cpp\/wp-json\/wp\/v2\/posts"}],"about":[{"href":"https:\/\/gobierno.udd.cl\/cpp\/wp-json\/wp\/v2\/types\/post"}],"author":[{"embeddable":true,"href":"https:\/\/gobierno.udd.cl\/cpp\/wp-json\/wp\/v2\/users\/22"}],"replies":[{"embeddable":true,"href":"https:\/\/gobierno.udd.cl\/cpp\/wp-json\/wp\/v2\/comments?post=2487"}],"version-history":[{"count":7,"href":"https:\/\/gobierno.udd.cl\/cpp\/wp-json\/wp\/v2\/posts\/2487\/revisions"}],"predecessor-version":[{"id":2494,"href":"https:\/\/gobierno.udd.cl\/cpp\/wp-json\/wp\/v2\/posts\/2487\/revisions\/2494"}],"wp:featuredmedia":[{"embeddable":true,"href":"https:\/\/gobierno.udd.cl\/cpp\/wp-json\/wp\/v2\/media\/893"}],"wp:attachment":[{"href":"https:\/\/gobierno.udd.cl\/cpp\/wp-json\/wp\/v2\/media?parent=2487"}],"wp:term":[{"taxonomy":"category","embeddable":true,"href":"https:\/\/gobierno.udd.cl\/cpp\/wp-json\/wp\/v2\/categories?post=2487"},{"taxonomy":"post_tag","embeddable":true,"href":"https:\/\/gobierno.udd.cl\/cpp\/wp-json\/wp\/v2\/tags?post=2487"}],"curies":[{"name":"wp","href":"https:\/\/api.w.org\/{rel}","templated":true}]}}