{"id":2481,"date":"2017-01-04T22:35:05","date_gmt":"2017-01-05T01:35:05","guid":{"rendered":"http:\/\/gobierno.udd.cl\/cpp\/?p=2481"},"modified":"2017-01-04T22:35:18","modified_gmt":"2017-01-05T01:35:18","slug":"gonzalo-muller-suponer-que-la-centroizquierda-no-iba-a-tener-un-candidato-competitivo-era-no-solo-una-ilusion-sino-que-una-estupidez-el-libero","status":"publish","type":"post","link":"https:\/\/gobierno.udd.cl\/cpp\/noticias\/2017\/01\/04\/gonzalo-muller-suponer-que-la-centroizquierda-no-iba-a-tener-un-candidato-competitivo-era-no-solo-una-ilusion-sino-que-una-estupidez-el-libero\/","title":{"rendered":"Gonzalo M\u00fcller: \u201cSuponer que la centroizquierda no iba a tener un candidato competitivo era no s\u00f3lo una ilusi\u00f3n sino que una estupidez\u201d &#8211; El L\u00edbero"},"content":{"rendered":"<p style=\"text-align: justify;\">Las encuestas fueron protagonistas el 2016. Fue un a\u00f1o de elecciones a nivel mundial, pero no s\u00f3lo por eso, sino que tambi\u00e9n porque se les cuestion\u00f3 ser poco asertivas en cuando a los resultados. No s\u00f3lo pas\u00f3 en Chile con la elecci\u00f3n municipal, sino que tambi\u00e9n en otros pa\u00edses, como en la elecci\u00f3n presidencial de Estados Unidos,\u00a0o con el Brexit en Inglaterra\u2026<\/p>\n<p style=\"text-align: justify;\">Lo cierto es que las encuestas son cada vez m\u00e1s importantes, tom\u00e1ndose la discusi\u00f3n y el debate entre quienes las hacen y quienes las consumen. Es por eso que en conversaci\u00f3n con <strong>\u201cEl L\u00edbero\u201d<\/strong> el analista pol\u00edtico de la <span class=\"highlight\">Universidad<\/span> <span class=\"highlight\">del<\/span> <span class=\"highlight\">Desarrollo<\/span>, <strong>Gonzalo M\u00fcller,<\/strong>\u00a0con amplia experiencia en sondeos de opini\u00f3n y electorales, hace un an\u00e1lisis del rol que tuvieron el 2016 y la importancia que tendr\u00e1n el 2017.<\/p>\n<p style=\"text-align: justify;\"><strong>\u2013 \u00bfCu\u00e1l es el an\u00e1lisis que se puede hacer del rol de las encuestas en 2016?<\/strong><\/p>\n<p style=\"text-align: justify;\">\u2013 Las encuestas no tienen m\u00e1s valor que representar de la manera m\u00e1s fiel posible la voz de los ciudadanos, y si han sido protagonistas de la pol\u00edtica en los \u00faltimos a\u00f1os es porque tenemos un ciudadano m\u00e1s empoderado, que hace valer su opini\u00f3n, la hace sentir y que de alguna manera castiga y premia de acuerdo de lo que considera que est\u00e1 bien y est\u00e1 mal. Creo que eso genera que las encuestas de opini\u00f3n hayan generado ese protagonismo que hace que las veamos todos los lunes, los meses, cada seis meses y que generen un impacto pol\u00edtico relevante y que los partidos y liderazgos est\u00e9n pendientes de ellas; porque quiz\u00e1s es la manera m\u00e1s segura de palpar el pulso de la ciudadan\u00eda, lo que los chilenos van sintiendo y queriendo de acuerdo a los distintos temas.<\/p>\n<p style=\"text-align: justify;\"><strong>\u2013 \u00bfHay hechos particulares que puedan determinar el rol de las encuestas en el a\u00f1o que se termina?<br \/>\n<\/strong><\/p>\n<p style=\"text-align: justify;\">\u2013 S\u00ed, yo creo que el peor negocio es tratar de disminuir a las encuestas o de negarlas, porque finalmente estas tienen valor s\u00f3lo por representar la voz ciudadana. Recuerdo que durante meses estuvimos conversando sobre que la Presidenta se re\u00eda un poco de este 15% de aprobaci\u00f3n y a un ministro del Interior que apostaba a que la \u00fanica voz verdadera eran las\u00a0elecciones -pensando que iban a tener una mayor\u00eda importante y que iban a rectificar su apoyo- sin embargo, lo que se ratific\u00f3 fue que las encuestas efectivamente mostraban un\u00a0desgaste del gobierno, una mala evaluaci\u00f3n ciudadana y que por lo tanto, nadie pod\u00eda esperar algo distinto que una derrota electoral en la elecci\u00f3n municipal.<\/p>\n<p style=\"text-align: justify;\"><strong>\u2013 \u00bfSon determinantes a la hora de tomar decisiones pol\u00edticas? Alejandro Guillier tuvo una alta aprobaci\u00f3n ciudadana y ahora es pre candidato presidencial\u2026<\/strong><\/p>\n<p style=\"text-align: justify;\">\u2013 Creo que ah\u00ed est\u00e1 el error, Alejandro Guillier, al igual que Sebasti\u00e1n Pi\u00f1era, no son las encuestas las que los tienen en un lugar de privilegio con respecto al resto de los candidatos, es la ciudadan\u00eda. Es el apoyo ciudadano el que tiene a Sebasti\u00e1n Pi\u00f1era en un primer lugar y a Alejandro Guillier a punto de derrotar absolutamente a Ricardo Lagos; no son las encuestas.<\/p>\n<p style=\"text-align: justify;\"><strong>\u2013 Este a\u00f1o los sondeos fueron cuestionados,\u00a0y no s\u00f3lo en Chile con la elecci\u00f3n municipal, sino que tambi\u00e9n en el mundo, como en Estados Unidos, por ejemplo.<br \/>\n<\/strong><\/p>\n<p style=\"text-align: justify;\">\u2013 Es verdad, las encuestas no son infalibles, por eso es importante ver si hay dos cosas muy relevantes; primero si los fen\u00f3menos se han evaluado sistem\u00e1ticamente, no en una sola encuesta; y lo segundo es que haya coherencia en los distintos sondeos, que no siempre ocurre. Pero las encuestas tienen un problema, en general son una manera de evaluar el comportamiento y cuando este se vuelve irregular les cuesta m\u00e1s, sobre todo cuando el comportamiento tiene como base sentimientos del tipo \u201cmalestar, enojo o rabia\u201d, porque cuando una persona tiene esos sentimientos no act\u00faa de manera normal, no act\u00faa como lo hace siempre en un escenario habitual, entonces es m\u00e1s dif\u00edcil predecir su conducta. Eso para las encuestas y para los sondeos, es dif\u00edcil de prever.<\/p>\n<p style=\"text-align: justify;\"><strong>\u2013 \u00bfQu\u00e9 rol van a tener el 2017? Principalmente en el \u00faltimo a\u00f1o de gobierno y en las elecciones presidenciales\u2026<\/strong><\/p>\n<p style=\"text-align: justify;\">\u2013 Van a tener un rol m\u00e1s importante, porque hasta ahora no hay una mejor manera, salvo las elecciones. No hay mejor forma de llevar el pulso del \u00e1nimo, de la voluntad y de la opini\u00f3n de la ciudadan\u00eda; aqu\u00ed no se trata de que la pol\u00edtica siga las encuestas o que renuncie a su capacidad de liderazgo, pero s\u00ed de entender. Cuando alguien me responde algo, me dice que no a lo que yo quiero hacer, no puedo decir la encuesta est\u00e1 mala, sino que tratar de entender por qu\u00e9 esa persona me est\u00e1 diciendo que no. Quiz\u00e1s est\u00e1 equivocado, pero tengo que entender por qu\u00e9, esa es la \u00fanica llave que voy a tener para el d\u00eda de ma\u00f1ana encontrar c\u00f3mo convencerlo y c\u00f3mo cambiar su opini\u00f3n.<\/p>\n<p style=\"text-align: justify;\"><strong>\u2013 Ahora, m\u00e1s all\u00e1 del mecanismo de las encuestas, respecto\u00a0de los resultados, \u00bfqu\u00e9 pasa si Guillier comienza a alcanzar a Pi\u00f1era en las pr\u00f3ximas mediciones?<\/strong><\/p>\n<p style=\"text-align: justify;\">\u2013 Yo no creo que nadie suponga -m\u00e1s all\u00e1 de lo mal evaluado que est\u00e1 el gobierno- que la pr\u00f3xima elecci\u00f3n presidencial no ser\u00e1 estrecha. As\u00ed han sido en general las elecciones, salvo la elecci\u00f3n de Bachelet el 2013; entonces Sebasti\u00e1n Pi\u00f1era tiene una amplia ventaja, tiene un primer lugar, pero todav\u00eda va a enfrentar una elecci\u00f3n estrecha, por eso es importante lo que vaya a hacer, los equipos que elija y qu\u00e9 caminos les va a proponer a los chilenos para enfrentar sus problemas en delincuencia, crecimiento, empleo, salud y educaci\u00f3n. Creo que cada vez m\u00e1s los chilenos no votan con los ojos cerrados. La \u00e9poca cuando votaban con una adhesi\u00f3n m\u00e1s ciega y carism\u00e1tica se acab\u00f3 con Bachelet. Ella es la \u00faltima de los liderazgos carism\u00e1ticos, que no necesitaba tantas explicaciones porque provocaba emociones profundas; hoy d\u00eda los ciudadanos -sobre todo en un ambiente de desconfianza- van a exigir propuestas que sean realizables, no m\u00e1s promesas.<\/p>\n<p style=\"text-align: justify;\"><strong>\u2013 \u00bfQu\u00e9 proyecci\u00f3n se puede hacer de las mediciones que se realizar\u00e1n 2017, en cuanto a la evaluaci\u00f3n de este gobierno?<\/strong><\/p>\n<p style=\"text-align: justify;\">\u2013 Este gobierno tom\u00f3 su decisi\u00f3n, as\u00ed como Sebasti\u00e1n Pi\u00f1era hizo un esfuerzo importante por mejorar en su evaluaci\u00f3n ciudadana y lo consigui\u00f3 -pas\u00f3 a estar por sobre el 50%- <strong>la administraci\u00f3n de Michelle Bachelet decidi\u00f3 de forma distinta: dijeron, nosotros vamos a implementar el programa por sobre la evaluaci\u00f3n ciudadana<\/strong>; aunque eso tenga un costo electoral. Por eso se produce esa tensi\u00f3n evidente entre los partidos pol\u00edticos y el gobierno, porque el \u00faltimo puede darse ese lujo, pero no as\u00ed los partidos que van a ser sometidos a una elecci\u00f3n, a la opini\u00f3n ciudadana y est\u00e1n arriesgando una derrota si es que el gobierno es mal evaluado.<\/p>\n<p style=\"text-align: justify;\"><strong>\u2013 \u00bfC\u00f3mo ve la elecci\u00f3n presidencial?<\/strong><\/p>\n<p style=\"text-align: justify;\">\u2013 Va a ser una elecci\u00f3n estrecha, y cuando pasa eso las encuestas tienen poco que determinar. Las encuestas son muy \u00fatiles cuando hay un candidato que no marca nada y otro mucho, pero cuando la diferencia se vuelve peque\u00f1a, el protagonismo se vuelve hacia esos pocos ciudadanos que pueden hacer la diferencia entre el triunfo y la derrota de un candidato. <strong>Suponer que la centroizquierda en Chile no iba a tener un candidato competitivo era no s\u00f3lo una ilusi\u00f3n sino que una estupidez.<\/strong><\/p>\n<p style=\"text-align: justify;\">Revisa la nota publicada <a href=\"http:\/\/ellibero.cl\/actualidad\/gonzalo-muller-suponer-que-la-centroizquierda-no-iba-a-tener-un-candidato-competitivo-era-no-solo-una-ilusion-sino-que-una-estupidez\/\" target=\"_blank\">AQU\u00cd<\/a><\/p>\n","protected":false},"excerpt":{"rendered":"<p>Las encuestas fueron protagonistas el 2016. Fue un a\u00f1o de elecciones a nivel mundial, pero no s\u00f3lo por eso, sino que tambi\u00e9n porque se les cuestion\u00f3 ser poco asertivas en cuando a los resultados. No s\u00f3lo pas\u00f3 en Chile con la elecci\u00f3n municipal, sino que tambi\u00e9n en otros pa\u00edses, como en la elecci\u00f3n presidencial de [&hellip;]<\/p>\n","protected":false},"author":22,"featured_media":893,"comment_status":"open","ping_status":"open","sticky":false,"template":"","format":"standard","meta":{"footnotes":""},"categories":[10162],"tags":[],"class_list":["post-2481","post","type-post","status-publish","format-standard","has-post-thumbnail","hentry","category-centro-en-la-prensa"],"featured_image_url":"https:\/\/gobierno.udd.cl\/cpp\/files\/2015\/05\/udd_cpp_prensa_340.png","_links":{"self":[{"href":"https:\/\/gobierno.udd.cl\/cpp\/wp-json\/wp\/v2\/posts\/2481","targetHints":{"allow":["GET"]}}],"collection":[{"href":"https:\/\/gobierno.udd.cl\/cpp\/wp-json\/wp\/v2\/posts"}],"about":[{"href":"https:\/\/gobierno.udd.cl\/cpp\/wp-json\/wp\/v2\/types\/post"}],"author":[{"embeddable":true,"href":"https:\/\/gobierno.udd.cl\/cpp\/wp-json\/wp\/v2\/users\/22"}],"replies":[{"embeddable":true,"href":"https:\/\/gobierno.udd.cl\/cpp\/wp-json\/wp\/v2\/comments?post=2481"}],"version-history":[{"count":2,"href":"https:\/\/gobierno.udd.cl\/cpp\/wp-json\/wp\/v2\/posts\/2481\/revisions"}],"predecessor-version":[{"id":2483,"href":"https:\/\/gobierno.udd.cl\/cpp\/wp-json\/wp\/v2\/posts\/2481\/revisions\/2483"}],"wp:featuredmedia":[{"embeddable":true,"href":"https:\/\/gobierno.udd.cl\/cpp\/wp-json\/wp\/v2\/media\/893"}],"wp:attachment":[{"href":"https:\/\/gobierno.udd.cl\/cpp\/wp-json\/wp\/v2\/media?parent=2481"}],"wp:term":[{"taxonomy":"category","embeddable":true,"href":"https:\/\/gobierno.udd.cl\/cpp\/wp-json\/wp\/v2\/categories?post=2481"},{"taxonomy":"post_tag","embeddable":true,"href":"https:\/\/gobierno.udd.cl\/cpp\/wp-json\/wp\/v2\/tags?post=2481"}],"curies":[{"name":"wp","href":"https:\/\/api.w.org\/{rel}","templated":true}]}}