{"id":2464,"date":"2016-12-18T21:37:27","date_gmt":"2016-12-19T00:37:27","guid":{"rendered":"http:\/\/gobierno.udd.cl\/cpp\/?p=2464"},"modified":"2016-12-18T21:37:27","modified_gmt":"2016-12-19T00:37:27","slug":"prueba-internacional-muestra-estancamiento-de-alumnos-chilenos-la-tercera","status":"publish","type":"post","link":"https:\/\/gobierno.udd.cl\/cpp\/noticias\/2016\/12\/18\/prueba-internacional-muestra-estancamiento-de-alumnos-chilenos-la-tercera\/","title":{"rendered":"Prueba internacional muestra estancamiento de alumnos chilenos &#8211; La Tercera"},"content":{"rendered":"<p style=\"text-align: justify;\">Sin muchos cambios ni avances. As\u00ed son los resultados de la Prueba Pisa (Programa Internacional para la Evaluaci\u00f3n de Estudiantes), que el a\u00f1o pasado rindieron alumnos de 15 a\u00f1os.<\/p>\n<p style=\"text-align: justify;\">As\u00ed, <strong>el pa\u00eds contin\u00faa bajo el promedio en las tres \u00e1reas que mide la prueba: Ciencias, Lectura y Matem\u00e1tica.<\/strong> Y es en esta \u00faltima prueba en donde los j\u00f3venes chilenos siguen muy por debajo del promedio de la Organizaci\u00f3n para la Cooperaci\u00f3n y el Desarrollo Econ\u00f3micos (Ocde). En Matem\u00e1ticas, Chile logr\u00f3 423 puntos, muy por debajo el promedio de la Ocde de 490.<\/p>\n<p style=\"text-align: justify;\">En Ciencias,<strong> los alumnos chilenos lograron 447 puntos, 46 puntos menos que el promedio.<\/strong>Por otro lado, los mejores resultados se obtuvieron en Lenguaje, con 459 puntos, 34 menos que la Ocde.<\/p>\n<p style=\"text-align: justify;\"><strong>Mauricio Bravo<\/strong>, investigador del Centro de Pol\u00edticas P\u00fablicas de la U. Del Desarrollo, se\u00f1al\u00f3 que en general <strong>los resultados no son buenos<\/strong> y que en las tres mediciones los j\u00f3venes \u201cse mantienen casi iguales. Hay avances, pero no estad\u00edsticamente significativos. Hay un estancamiento y seguimos lejos de la Ocde\u201d. Bravo aclara que el estancamiento, eso s\u00ed, es general, ya que tambi\u00e9n sucede con el resto de los pa\u00edses que fueron medidos.<\/p>\n<div class=\"teads-inread\" style=\"text-align: justify;\"><\/div>\n<p style=\"text-align: justify;\">Una de las problem\u00e1ticas m\u00e1s profundas, remarc\u00f3 Bravo, es que a\u00fan <strong>hay un gran n\u00famero de alumnos en los niveles m\u00e1s bajos de desempe\u00f1o<\/strong>. \u201cHay muchos alumnos en nivel uno o dos, y son muy pocos los que est\u00e1n m\u00e1s arriba. En matem\u00e1tica, por ejemplo, el 50% de los j\u00f3venes esta en bajo desempe\u00f1o, y se estanca la cantidad de alumnos m\u00e1s altos\u201d.<\/p>\n<p style=\"text-align: justify;\"><strong>Juan Pablo Valenzuela<\/strong>, investigador del Centro de Investigaci\u00f3n Avanzada en Educaci\u00f3n (Ciae), de la U. de Chile, tambi\u00e9n ve una mantenci\u00f3n en los resultados de las tres disciplinas y se\u00f1al\u00f3 que el mayor problema es matem\u00e1ticas. \u201c<strong>Matem\u00e1ticas es la situaci\u00f3n m\u00e1s cr\u00edtica<\/strong>. Requerimos 40 a\u00f1os para alcanzar el promedio de la Ocde\u201d.<\/p>\n<p style=\"text-align: justify;\">En esa l\u00ednea, Valenzuela dijo que \u201chay una se\u00f1al de que este proceso de los \u00faltimos tres a\u00f1os no es estad\u00edsticamente distinto en comparaci\u00f3n a 2012, hay mejor\u00eda pero no estad\u00edsticamente significativa\u201d.<\/p>\n<p style=\"text-align: justify;\">A pesar de esto, Valenzuela remarc\u00f3 que s\u00ed hay una mejora \u201ccuando uno ve la perspectiva de m\u00e1s largo aliento, ultima d\u00e9cada. Solo hay 42 pa\u00edses que tiene comparabilidad en ultima d\u00e9cada y Chile es uno de los 12 que logra mejorar en largo plazo\u201d.<\/p>\n<p style=\"text-align: justify;\"><strong>Una de las buenas noticias, para Valenzuela, es \u201cla reducci\u00f3n de la incidencia de la conducci\u00f3n socioecon\u00f3mica en las oportunidades educativas<\/strong>. Siendo que a\u00fan la condici\u00f3n social a\u00fan es relevante, para el caso de Chile ha tendido ha reducirse esa importancia\u201d.<\/p>\n<p style=\"text-align: justify;\">En tanto, el acad\u00e9mico de la U. Diego Portales, Jos\u00e9 Joaqu\u00edn Brunner, sostuvo que efectivamente los cambios no son notables, \u201cni en los sectores de menor rendimiento ni entre los de alto rendimiento\u201d.<\/p>\n<p style=\"text-align: justify;\"><strong>Brecha de g\u00e9nero<\/strong><br \/>\nUno de los aspectos positivos es que se <strong>disminuye la brecha de g\u00e9nero en un 10%<\/strong>, por lo que \u201chombres y mujeres est\u00e1n acerc\u00e1ndose a un nivel general en matem\u00e1ticas y lenguaje\u201d.<\/p>\n<p style=\"text-align: justify;\">Sobre esto, <strong>Natalia Salas<\/strong>, acad\u00e9mica de la U. Diego Portales, se\u00f1al\u00f3 que la disminuci\u00f3n de la brecha tiene que ver \u201ccon <strong>las pol\u00edticas que se han estado generando \u00faltimamente<\/strong>, con alcanzar elementos de equidad en las salas\u201d.<\/p>\n<p style=\"text-align: justify;\">Sin embargo, <strong>las diferencias entre hombres y mujeres persisten<\/strong>. Ante esto, Jos\u00e9 Joaqu\u00edn Brunner, investigador de la U. Diego Portales, se\u00f1al\u00f3 que \u201cesto tiene que ver con la socializaci\u00f3n temprana de ni\u00f1as y ni\u00f1os respecto de las matem\u00e1ticas y del razonamiento cient\u00edfico, que luego se prolonga en los colegios y las expectativas de los propios alumnos y sus profesores\u201d.<\/p>\n<p style=\"text-align: justify;\"><strong>Las claves de la evaluaci\u00f3n<br \/>\n<\/strong>El Informe del Programa Internacional para la Evaluaci\u00f3n de Estudiantes (Pisa por sus siglas en ingl\u00e9s), se realiza cada tres a\u00f1os y est\u00e1 a cargo de la Organizaci\u00f3n para la Cooperaci\u00f3n y el Desarrollo Econ\u00f3mico (Ocde). En 2015, se aplic\u00f3 a los 35 pa\u00edses de la Ocde, y a otras 37 naciones adicionales.<\/p>\n<p style=\"text-align: justify;\">En Chile, la Agencia de Calidad de la Educaci\u00f3n est\u00e1 a cargo de desarrollarla. El a\u00f1o pasado se aplic\u00f3 a cerca de siete mil estudiantes de 240 colegios seleccionados al azar, de todas las dependencias. Adem\u00e1s, por primera vez, fue contestada completamente en computador.<\/p>\n<p style=\"text-align: justify;\">La prueba se divide en tres \u00e1reas: ciencias, matem\u00e1ticas y lenguaje. En los tres casos, se busca que los alumnos puedan aplicar estos conocimientos en la vida cotidiana. Por ejemplo, en ciencias, que puedan interpretar evidencia o explicar cient\u00edficamente algunos fen\u00f3menos.<\/p>\n<p style=\"text-align: justify;\">Las preguntas son una mezcla de selecci\u00f3n m\u00faltiple y desarrollo, adem\u00e1s de resolver problemas en equipo. Y se contesta un cuestionario para saber m\u00e1s del contexto socioecon\u00f3mico, cultural y familiar.<\/p>\n<p style=\"text-align: justify;\">Art\u00edculo completo <strong><a href=\"http:\/\/www.latercera.com\/noticia\/prueba-internacional-muestra-estancamiento-alumnos-chilenos\/\" target=\"_blank\">AQU\u00cd.<\/a><\/strong><\/p>\n","protected":false},"excerpt":{"rendered":"<p>Pese a ello, PISA, la medici\u00f3n internacional m\u00e1s importante en educaci\u00f3n, muestra que Chile lidera en Am\u00e9rica Latina. Tambi\u00e9n revel\u00f3 que disminuy\u00f3 la brecha de g\u00e9nero en matem\u00e1ticas y lectura, pero en ciencias se mantiene.<\/p>\n","protected":false},"author":22,"featured_media":893,"comment_status":"open","ping_status":"open","sticky":false,"template":"","format":"standard","meta":{"footnotes":""},"categories":[10162],"tags":[],"class_list":["post-2464","post","type-post","status-publish","format-standard","has-post-thumbnail","hentry","category-centro-en-la-prensa"],"featured_image_url":"https:\/\/gobierno.udd.cl\/cpp\/files\/2015\/05\/udd_cpp_prensa_340.png","_links":{"self":[{"href":"https:\/\/gobierno.udd.cl\/cpp\/wp-json\/wp\/v2\/posts\/2464","targetHints":{"allow":["GET"]}}],"collection":[{"href":"https:\/\/gobierno.udd.cl\/cpp\/wp-json\/wp\/v2\/posts"}],"about":[{"href":"https:\/\/gobierno.udd.cl\/cpp\/wp-json\/wp\/v2\/types\/post"}],"author":[{"embeddable":true,"href":"https:\/\/gobierno.udd.cl\/cpp\/wp-json\/wp\/v2\/users\/22"}],"replies":[{"embeddable":true,"href":"https:\/\/gobierno.udd.cl\/cpp\/wp-json\/wp\/v2\/comments?post=2464"}],"version-history":[{"count":1,"href":"https:\/\/gobierno.udd.cl\/cpp\/wp-json\/wp\/v2\/posts\/2464\/revisions"}],"predecessor-version":[{"id":2465,"href":"https:\/\/gobierno.udd.cl\/cpp\/wp-json\/wp\/v2\/posts\/2464\/revisions\/2465"}],"wp:featuredmedia":[{"embeddable":true,"href":"https:\/\/gobierno.udd.cl\/cpp\/wp-json\/wp\/v2\/media\/893"}],"wp:attachment":[{"href":"https:\/\/gobierno.udd.cl\/cpp\/wp-json\/wp\/v2\/media?parent=2464"}],"wp:term":[{"taxonomy":"category","embeddable":true,"href":"https:\/\/gobierno.udd.cl\/cpp\/wp-json\/wp\/v2\/categories?post=2464"},{"taxonomy":"post_tag","embeddable":true,"href":"https:\/\/gobierno.udd.cl\/cpp\/wp-json\/wp\/v2\/tags?post=2464"}],"curies":[{"name":"wp","href":"https:\/\/api.w.org\/{rel}","templated":true}]}}