{"id":2461,"date":"2016-12-18T21:30:02","date_gmt":"2016-12-19T00:30:02","guid":{"rendered":"http:\/\/gobierno.udd.cl\/cpp\/?p=2461"},"modified":"2017-01-18T22:15:22","modified_gmt":"2017-01-19T01:15:22","slug":"66-cree-que-seguira-en-carrera-pese-a-factor-familiar-la-segunda","status":"publish","type":"post","link":"https:\/\/gobierno.udd.cl\/cpp\/noticias\/2016\/12\/18\/66-cree-que-seguira-en-carrera-pese-a-factor-familiar-la-segunda\/","title":{"rendered":"66% cree que seguir\u00e1 en carrera pese a factor familiar &#8211; La Segunda"},"content":{"rendered":"<p style=\"text-align: justify;\">Seg\u00fan una encuesta de Panel Ciudadano de la <span class=\"highlight\">Universidad<\/span> <span class=\"highlight\">del<\/span> <span class=\"highlight\">Desarrollo<\/span>, un 66% de los santiaguinos no cree que el ex Presidente Sebasti\u00e1n Pi\u00f1era vaya a descartar por razones familiares una carrera presidencial \u2014a la que a\u00fan no se suma oficialmente\u2014, luego que este lunes dijera en radio Cooperativa que a\u00fan no cuenta con el respaldo de sus deudos.<\/p>\n<p style=\"text-align: justify;\">El centro de estudios, que dirige Eugenio Guzm\u00e1n, pregunt\u00f3: \u00ab\u00bfCree que Sebasti\u00e1n Pi\u00f1era podr\u00eda abandonar la carrera presidencial por no tener el apoyo de su familia?\u00bb.<\/p>\n<p style=\"text-align: justify;\">S\u00f3lo poco m\u00e1s de un tercio de los consultados en el Gran Santiago respondi\u00f3 que s\u00ed. Los otros dos tercios afirmaron que no (ver gr\u00e1fico).<\/p>\n<p style=\"text-align: justify;\">Los encuestados fueron hombres y mujeres, mayores de 18 a\u00f1os.<\/p>\n<p style=\"text-align: justify;\">La selecci\u00f3n aleatoria se realiz\u00f3 a partir de un Muestreo Aleatorio Simple (MAS), obteni\u00e9ndose 971 respuestas, lo que corresponde a un 3,2% de margen de error con un 95% de nivel de confianza.<\/p>\n<p style=\"text-align: justify;\">La consulta se realiz\u00f3 entre las 19:30 del mi\u00e9rcoles 7 de diciembre hasta las 16:30 del jueves 8 de diciembre.<\/p>\n<p style=\"text-align: justify;\"><a href=\"https:\/\/goo.gl\/DoO5ca\" target=\"_blank\" rel=\"attachment wp-att-2462\"><img loading=\"lazy\" decoding=\"async\" class=\"alignnone size-medium wp-image-2462\" src=\"http:\/\/gobierno.udd.cl\/cpp\/files\/2016\/12\/2016-12-09_impresa.lasegunda.com_JP32BHT4-1-231x300.jpg\" alt=\"2016-12-09_impresa.lasegunda.com_JP32BHT4 (1)\" width=\"231\" height=\"300\" srcset=\"https:\/\/gobierno.udd.cl\/cpp\/files\/2016\/12\/2016-12-09_impresa.lasegunda.com_JP32BHT4-1-231x300.jpg 231w, https:\/\/gobierno.udd.cl\/cpp\/files\/2016\/12\/2016-12-09_impresa.lasegunda.com_JP32BHT4-1-768x995.jpg 768w, https:\/\/gobierno.udd.cl\/cpp\/files\/2016\/12\/2016-12-09_impresa.lasegunda.com_JP32BHT4-1-790x1024.jpg 790w, https:\/\/gobierno.udd.cl\/cpp\/files\/2016\/12\/2016-12-09_impresa.lasegunda.com_JP32BHT4-1-741x960.jpg 741w, https:\/\/gobierno.udd.cl\/cpp\/files\/2016\/12\/2016-12-09_impresa.lasegunda.com_JP32BHT4-1.jpg 1280w\" sizes=\"auto, (max-width: 231px) 100vw, 231px\" \/><\/a><\/p>\n","protected":false},"excerpt":{"rendered":"<p>Seg\u00fan una encuesta de Panel Ciudadano de la Universidad del Desarrollo, un 66% de los santiaguinos no cree que el ex Presidente Sebasti\u00e1n Pi\u00f1era vaya a descartar por razones familiares una carrera presidencial \u2014a la que a\u00fan no se suma oficialmente\u2014, luego que este lunes dijera en radio Cooperativa que a\u00fan no cuenta con el [&hellip;]<\/p>\n","protected":false},"author":22,"featured_media":893,"comment_status":"open","ping_status":"open","sticky":false,"template":"","format":"standard","meta":{"footnotes":""},"categories":[10162,12124],"tags":[],"class_list":["post-2461","post","type-post","status-publish","format-standard","has-post-thumbnail","hentry","category-centro-en-la-prensa","category-panel-ciudadano"],"featured_image_url":"https:\/\/gobierno.udd.cl\/cpp\/files\/2015\/05\/udd_cpp_prensa_340.png","_links":{"self":[{"href":"https:\/\/gobierno.udd.cl\/cpp\/wp-json\/wp\/v2\/posts\/2461","targetHints":{"allow":["GET"]}}],"collection":[{"href":"https:\/\/gobierno.udd.cl\/cpp\/wp-json\/wp\/v2\/posts"}],"about":[{"href":"https:\/\/gobierno.udd.cl\/cpp\/wp-json\/wp\/v2\/types\/post"}],"author":[{"embeddable":true,"href":"https:\/\/gobierno.udd.cl\/cpp\/wp-json\/wp\/v2\/users\/22"}],"replies":[{"embeddable":true,"href":"https:\/\/gobierno.udd.cl\/cpp\/wp-json\/wp\/v2\/comments?post=2461"}],"version-history":[{"count":1,"href":"https:\/\/gobierno.udd.cl\/cpp\/wp-json\/wp\/v2\/posts\/2461\/revisions"}],"predecessor-version":[{"id":2463,"href":"https:\/\/gobierno.udd.cl\/cpp\/wp-json\/wp\/v2\/posts\/2461\/revisions\/2463"}],"wp:featuredmedia":[{"embeddable":true,"href":"https:\/\/gobierno.udd.cl\/cpp\/wp-json\/wp\/v2\/media\/893"}],"wp:attachment":[{"href":"https:\/\/gobierno.udd.cl\/cpp\/wp-json\/wp\/v2\/media?parent=2461"}],"wp:term":[{"taxonomy":"category","embeddable":true,"href":"https:\/\/gobierno.udd.cl\/cpp\/wp-json\/wp\/v2\/categories?post=2461"},{"taxonomy":"post_tag","embeddable":true,"href":"https:\/\/gobierno.udd.cl\/cpp\/wp-json\/wp\/v2\/tags?post=2461"}],"curies":[{"name":"wp","href":"https:\/\/api.w.org\/{rel}","templated":true}]}}