{"id":2457,"date":"2016-12-18T21:23:18","date_gmt":"2016-12-19T00:23:18","guid":{"rendered":"http:\/\/gobierno.udd.cl\/cpp\/?p=2457"},"modified":"2017-01-18T22:07:54","modified_gmt":"2017-01-19T01:07:54","slug":"amplio-apoyo-suscita-idea-de-modernizar-el-sistema-de-votacion-el-mercurio","status":"publish","type":"post","link":"https:\/\/gobierno.udd.cl\/cpp\/noticias\/2016\/12\/18\/amplio-apoyo-suscita-idea-de-modernizar-el-sistema-de-votacion-el-mercurio\/","title":{"rendered":"Amplio apoyo suscita idea de modernizar el sistema de votaci\u00f3n &#8211; El Mercurio"},"content":{"rendered":"<div class=\"col-md-6\">\n<p style=\"text-align: justify;\">Ni siquiera los errores detectados en la elecci\u00f3n de la Agrupaci\u00f3n Nacional de Empleados Fiscales (ANEF) y que obligaron a postergar esos comicios parecen mermar el atractivo que suscita la idea de establecer en Chile un sistema de voto electr\u00f3nico.<\/p>\n<p style=\"text-align: justify;\">As\u00ed lo muestran los resultados de la encuesta Panel Ciudadano-<span class=\"highlight\">UDD<\/span> realizada esta semana.<\/p>\n<p>El sondeo, efectuado v\u00eda mensaje de texto a un panel de habitantes del Gran Santiago previamente seleccionados de modo aleatorio, muestra que el 76% de los consultados est\u00e1 de acuerdo con avanzar hacia un modelo de este tipo.<\/p>\n<p style=\"text-align: justify;\">El sistema -que tendr\u00e1 una prueba de fuego hoy, al ser utilizado en los comicios para elegir la nueva directiva de la UDI- tambi\u00e9n ha llamado la atenci\u00f3n del ex Presidente Sebasti\u00e1n Pi\u00f1era.<\/p>\n<p>Este dio a conocer hace algunos d\u00edas una propuesta para introducir el voto electr\u00f3nico en todas las elecciones nacionales, permitiendo, entre otros puntos, que las personas puedan sufragar desde cualquier lugar del pa\u00eds, aun encontr\u00e1ndose lejos de la comuna o distrito correspondiente a su domicilio electoral.<\/p>\n<\/div>\n<p>Pinchar sobre la imagen para ver columna completa.<\/p>\n<p><a href=\"https:\/\/goo.gl\/toASFo\" target=\"_blank\" rel=\"attachment wp-att-2458\"><img loading=\"lazy\" decoding=\"async\" class=\"alignnone size-medium wp-image-2458\" src=\"http:\/\/gobierno.udd.cl\/cpp\/files\/2016\/12\/2016-12-11_impresa.elmercurio.com_MERSTRE009RR1112_1100-160x300.png\" alt=\"2016-12-11_impresa.elmercurio.com_MERSTRE009RR1112_1100\" width=\"160\" height=\"300\" srcset=\"https:\/\/gobierno.udd.cl\/cpp\/files\/2016\/12\/2016-12-11_impresa.elmercurio.com_MERSTRE009RR1112_1100-160x300.png 160w, https:\/\/gobierno.udd.cl\/cpp\/files\/2016\/12\/2016-12-11_impresa.elmercurio.com_MERSTRE009RR1112_1100-768x1443.png 768w, https:\/\/gobierno.udd.cl\/cpp\/files\/2016\/12\/2016-12-11_impresa.elmercurio.com_MERSTRE009RR1112_1100-545x1024.png 545w, https:\/\/gobierno.udd.cl\/cpp\/files\/2016\/12\/2016-12-11_impresa.elmercurio.com_MERSTRE009RR1112_1100-511x960.png 511w, https:\/\/gobierno.udd.cl\/cpp\/files\/2016\/12\/2016-12-11_impresa.elmercurio.com_MERSTRE009RR1112_1100.png 1192w\" sizes=\"auto, (max-width: 160px) 100vw, 160px\" \/><\/a><\/p>\n","protected":false},"excerpt":{"rendered":"<p>Ni siquiera los errores detectados en la elecci\u00f3n de la Agrupaci\u00f3n Nacional de Empleados Fiscales (ANEF) y que obligaron a postergar esos comicios parecen mermar el atractivo que suscita la idea de establecer en Chile un sistema de voto electr\u00f3nico. As\u00ed lo muestran los resultados de la encuesta Panel Ciudadano-UDD realizada esta semana. El sondeo, [&hellip;]<\/p>\n","protected":false},"author":22,"featured_media":893,"comment_status":"open","ping_status":"open","sticky":false,"template":"","format":"standard","meta":{"footnotes":""},"categories":[10162,12124],"tags":[],"class_list":["post-2457","post","type-post","status-publish","format-standard","has-post-thumbnail","hentry","category-centro-en-la-prensa","category-panel-ciudadano"],"featured_image_url":"https:\/\/gobierno.udd.cl\/cpp\/files\/2015\/05\/udd_cpp_prensa_340.png","_links":{"self":[{"href":"https:\/\/gobierno.udd.cl\/cpp\/wp-json\/wp\/v2\/posts\/2457","targetHints":{"allow":["GET"]}}],"collection":[{"href":"https:\/\/gobierno.udd.cl\/cpp\/wp-json\/wp\/v2\/posts"}],"about":[{"href":"https:\/\/gobierno.udd.cl\/cpp\/wp-json\/wp\/v2\/types\/post"}],"author":[{"embeddable":true,"href":"https:\/\/gobierno.udd.cl\/cpp\/wp-json\/wp\/v2\/users\/22"}],"replies":[{"embeddable":true,"href":"https:\/\/gobierno.udd.cl\/cpp\/wp-json\/wp\/v2\/comments?post=2457"}],"version-history":[{"count":2,"href":"https:\/\/gobierno.udd.cl\/cpp\/wp-json\/wp\/v2\/posts\/2457\/revisions"}],"predecessor-version":[{"id":2460,"href":"https:\/\/gobierno.udd.cl\/cpp\/wp-json\/wp\/v2\/posts\/2457\/revisions\/2460"}],"wp:featuredmedia":[{"embeddable":true,"href":"https:\/\/gobierno.udd.cl\/cpp\/wp-json\/wp\/v2\/media\/893"}],"wp:attachment":[{"href":"https:\/\/gobierno.udd.cl\/cpp\/wp-json\/wp\/v2\/media?parent=2457"}],"wp:term":[{"taxonomy":"category","embeddable":true,"href":"https:\/\/gobierno.udd.cl\/cpp\/wp-json\/wp\/v2\/categories?post=2457"},{"taxonomy":"post_tag","embeddable":true,"href":"https:\/\/gobierno.udd.cl\/cpp\/wp-json\/wp\/v2\/tags?post=2457"}],"curies":[{"name":"wp","href":"https:\/\/api.w.org\/{rel}","templated":true}]}}