{"id":2436,"date":"2016-12-16T16:36:01","date_gmt":"2016-12-16T19:36:01","guid":{"rendered":"http:\/\/gobierno.udd.cl\/cpp\/?p=2436"},"modified":"2016-12-16T16:36:01","modified_gmt":"2016-12-16T19:36:01","slug":"directora-del-cpp-participa-de-la-inauguracion-del-nuevo-centro-de-investigacion-en-psicologia","status":"publish","type":"post","link":"https:\/\/gobierno.udd.cl\/cpp\/noticias\/2016\/12\/16\/directora-del-cpp-participa-de-la-inauguracion-del-nuevo-centro-de-investigacion-en-psicologia\/","title":{"rendered":"Directora del CPP participa de la inauguraci\u00f3n del nuevo centro de investigaci\u00f3n en psicolog\u00eda"},"content":{"rendered":"<p style=\"text-align: justify;\"><a href=\"http:\/\/gobierno.udd.cl\/cpp\/files\/2016\/12\/Fran-Dussa.jpg\" rel=\"attachment wp-att-2437\"><img loading=\"lazy\" decoding=\"async\" class=\"alignnone size-medium wp-image-2437\" src=\"http:\/\/gobierno.udd.cl\/cpp\/files\/2016\/12\/Fran-Dussa-300x196.jpg\" alt=\"Fran Dussa\" width=\"300\" height=\"196\" srcset=\"https:\/\/gobierno.udd.cl\/cpp\/files\/2016\/12\/Fran-Dussa-300x196.jpg 300w, https:\/\/gobierno.udd.cl\/cpp\/files\/2016\/12\/Fran-Dussa-768x502.jpg 768w, https:\/\/gobierno.udd.cl\/cpp\/files\/2016\/12\/Fran-Dussa-1024x670.jpg 1024w, https:\/\/gobierno.udd.cl\/cpp\/files\/2016\/12\/Fran-Dussa-660x430.jpg 660w, https:\/\/gobierno.udd.cl\/cpp\/files\/2016\/12\/Fran-Dussa-960x628.jpg 960w\" sizes=\"auto, (max-width: 300px) 100vw, 300px\" \/><\/a><\/p>\n<p style=\"text-align: justify;\">En el marco de la inauguraci\u00f3n del <strong><a href=\"http:\/\/psicologia.udd.cl\/cebcs\">Centros de Estudio en Bienestar y Convivencia Social (CEBCS)<\/a><\/strong> de la Facultad de Psicolog\u00eda de la Universidad del Desarrollo el pasado lunes 28 de noviembre expuso el catedr\u00e1tico <strong>Ferran Casas: \u201cEl Bienestar Subjetivo de la infancia: Hallazgos recientes de la investigaci\u00f3n social\u201d<\/strong>, como parte de la presentaci\u00f3n del libro <strong>\u201cBienestar subjetivo de la infancia en Chile en el contexto internacional\u201d<\/strong> co escrito por el equipo investigador del \u00e1rea social de nuestra facultad.<\/p>\n<p style=\"text-align: justify;\">Dentro de la actividad de presentaci\u00f3n del libro se realiz\u00f3 un panel de discusi\u00f3n presidido por Fernando Reyes, Director Escuela de Psicolog\u00eda Universidad del Desarrollo, sede Concepci\u00f3n. Co autor del libro la Dra. B\u00e1ltica Cabieses de la Facultad de Medicina, Universidad del Desarrollo y la Dra. Francisca Dussaillant Directora Centro de Pol\u00edticas P\u00fablicas. Facultad de Gobierno. Universidad del Desarrollo<\/p>\n<div data-canvas-width=\"8.856666666666666\">.<\/div>\n","protected":false},"excerpt":{"rendered":"<p>En el marco de la inauguraci\u00f3n del Centros de Estudio en Bienestar y Convivencia Social (CEBCS) de la Facultad de Psicolog\u00eda de la Universidad del Desarrollo el pasado lunes 28 de noviembre expuso el catedr\u00e1tico Ferran Casas: \u201cEl Bienestar Subjetivo de la infancia: Hallazgos recientes de la investigaci\u00f3n social\u201d, como parte de la presentaci\u00f3n del [&hellip;]<\/p>\n","protected":false},"author":22,"featured_media":2437,"comment_status":"open","ping_status":"open","sticky":false,"template":"","format":"standard","meta":{"footnotes":""},"categories":[4],"tags":[8573,12294,12093,12296],"class_list":["post-2436","post","type-post","status-publish","format-standard","has-post-thumbnail","hentry","category-noticias","tag-bienestar-subjetivo","tag-fran-dussaillant","tag-libro","tag-psicologia"],"featured_image_url":"https:\/\/gobierno.udd.cl\/cpp\/files\/2016\/12\/Fran-Dussa.jpg","_links":{"self":[{"href":"https:\/\/gobierno.udd.cl\/cpp\/wp-json\/wp\/v2\/posts\/2436","targetHints":{"allow":["GET"]}}],"collection":[{"href":"https:\/\/gobierno.udd.cl\/cpp\/wp-json\/wp\/v2\/posts"}],"about":[{"href":"https:\/\/gobierno.udd.cl\/cpp\/wp-json\/wp\/v2\/types\/post"}],"author":[{"embeddable":true,"href":"https:\/\/gobierno.udd.cl\/cpp\/wp-json\/wp\/v2\/users\/22"}],"replies":[{"embeddable":true,"href":"https:\/\/gobierno.udd.cl\/cpp\/wp-json\/wp\/v2\/comments?post=2436"}],"version-history":[{"count":1,"href":"https:\/\/gobierno.udd.cl\/cpp\/wp-json\/wp\/v2\/posts\/2436\/revisions"}],"predecessor-version":[{"id":2438,"href":"https:\/\/gobierno.udd.cl\/cpp\/wp-json\/wp\/v2\/posts\/2436\/revisions\/2438"}],"wp:featuredmedia":[{"embeddable":true,"href":"https:\/\/gobierno.udd.cl\/cpp\/wp-json\/wp\/v2\/media\/2437"}],"wp:attachment":[{"href":"https:\/\/gobierno.udd.cl\/cpp\/wp-json\/wp\/v2\/media?parent=2436"}],"wp:term":[{"taxonomy":"category","embeddable":true,"href":"https:\/\/gobierno.udd.cl\/cpp\/wp-json\/wp\/v2\/categories?post=2436"},{"taxonomy":"post_tag","embeddable":true,"href":"https:\/\/gobierno.udd.cl\/cpp\/wp-json\/wp\/v2\/tags?post=2436"}],"curies":[{"name":"wp","href":"https:\/\/api.w.org\/{rel}","templated":true}]}}