{"id":2421,"date":"2016-11-24T23:02:05","date_gmt":"2016-11-25T02:02:05","guid":{"rendered":"http:\/\/gobierno.udd.cl\/cpp\/?p=2421"},"modified":"2016-11-24T23:03:51","modified_gmt":"2016-11-25T02:03:51","slug":"gonzalo-muller-conversacion-sobre-el-cambio-de-gabinete-adn-radio","status":"publish","type":"post","link":"https:\/\/gobierno.udd.cl\/cpp\/noticias\/2016\/11\/24\/gonzalo-muller-conversacion-sobre-el-cambio-de-gabinete-adn-radio\/","title":{"rendered":"Gonzalo M\u00fcller: Conversaci\u00f3n sobre el Cambio de Gabinete &#8211; ADN Radio"},"content":{"rendered":"<p style=\"text-align: justify;\"><b>Tema:<\/b> Cambio de Gabinete<\/p>\n<div style=\"text-align: justify;\">\n<p><b>Entrevista: <\/b>Gonzalo Miller, acad\u00e9mico Facultad de Gobierno <span class=\"highlight\">Universidad<\/span> <span class=\"highlight\">del<\/span> <span class=\"highlight\">Desarrollo<\/span> \/\/ Bernardo Navarrete, cientista pol\u00edtico <span class=\"highlight\">Universidad<\/span> de Santiago \/\/ Camilo Escalona, senador<\/p>\n<ul>\n<li>Decisi\u00f3n de cambio de Gabinete a manos de Michelle Bachelet.<\/li>\n<li>El gran ganador es el ministro de Hacienda, Rodrigo Vald\u00e9s.<\/li>\n<li>Situaci\u00f3n actual del Gobierno de Michelle Bachelet.<\/li>\n<li>La gesti\u00f3n y aprobaci\u00f3n de Michelle Bachelet.<\/li>\n<li>Renuncia de Marcelo D\u00edaz.<\/li>\n<li>Se refuerza la l\u00ednea del ministro Secretario General de Gobierno, Nicol\u00e1s Eyzaguirre.<\/li>\n<li>Confianzas que se fueron destruyendo.<\/li>\n<li>La confianza de los partidos en el Ejecutivo.<\/li>\n<li>Desacuerdos y falta de comunicaci\u00f3n al interior de la Nueva Mayor\u00eda.<\/li>\n<li>Cierre de cap\u00edtulo por parte de Michelle Bachelet.<\/li>\n<li>Rol del Partido Socialista.<\/li>\n<\/ul>\n<p>&nbsp;<\/p>\n<\/div>\n<audio class=\"wp-audio-shortcode\" id=\"audio-2421-1\" preload=\"none\" style=\"width: 100%;\" controls=\"controls\"><source type=\"audio\/mpeg\" src=\"http:\/\/conectamedia.s3.amazonaws.com\/1c0e01e39f9f23025aa1fcc06dc75a15.mp3?_=1\" \/><a href=\"http:\/\/conectamedia.s3.amazonaws.com\/1c0e01e39f9f23025aa1fcc06dc75a15.mp3\">http:\/\/conectamedia.s3.amazonaws.com\/1c0e01e39f9f23025aa1fcc06dc75a15.mp3<\/a><\/audio>\n<p style=\"text-align: justify;\">Parte 1<\/p>\n<audio class=\"wp-audio-shortcode\" id=\"audio-2421-2\" preload=\"none\" style=\"width: 100%;\" controls=\"controls\"><source type=\"audio\/mpeg\" src=\"http:\/\/conectamedia.s3.amazonaws.com\/24309e8aa625171961ca57081d133255.mp3?_=2\" \/><a href=\"http:\/\/conectamedia.s3.amazonaws.com\/24309e8aa625171961ca57081d133255.mp3\">http:\/\/conectamedia.s3.amazonaws.com\/24309e8aa625171961ca57081d133255.mp3<\/a><\/audio>\n<p style=\"text-align: justify;\">Parte 2<\/p>\n<audio class=\"wp-audio-shortcode\" id=\"audio-2421-3\" preload=\"none\" style=\"width: 100%;\" controls=\"controls\"><source type=\"audio\/mpeg\" src=\"http:\/\/conectamedia.s3.amazonaws.com\/92a40772b4e274cd22aec8da28b937e8.mp3?_=3\" \/><a href=\"http:\/\/conectamedia.s3.amazonaws.com\/92a40772b4e274cd22aec8da28b937e8.mp3\">http:\/\/conectamedia.s3.amazonaws.com\/92a40772b4e274cd22aec8da28b937e8.mp3<\/a><\/audio>\n<p style=\"text-align: justify;\">Parte 3<\/p>\n<audio class=\"wp-audio-shortcode\" id=\"audio-2421-4\" preload=\"none\" style=\"width: 100%;\" controls=\"controls\"><source type=\"audio\/mpeg\" src=\"http:\/\/conectamedia.s3.amazonaws.com\/fe33e2994542ad3327d425f6a3d18904.mp3?_=4\" \/><a href=\"http:\/\/conectamedia.s3.amazonaws.com\/fe33e2994542ad3327d425f6a3d18904.mp3\">http:\/\/conectamedia.s3.amazonaws.com\/fe33e2994542ad3327d425f6a3d18904.mp3<\/a><\/audio>\n<p>Parte 4<\/p>\n","protected":false},"excerpt":{"rendered":"<p>Tema: Cambio de Gabinete Entrevista: Gonzalo Miller, acad\u00e9mico Facultad de Gobierno Universidad del Desarrollo \/\/ Bernardo Navarrete, cientista pol\u00edtico Universidad de Santiago \/\/ Camilo Escalona, senador Decisi\u00f3n de cambio de Gabinete a manos de Michelle Bachelet. El gran ganador es el ministro de Hacienda, Rodrigo Vald\u00e9s. Situaci\u00f3n actual del Gobierno de Michelle Bachelet. La gesti\u00f3n [&hellip;]<\/p>\n","protected":false},"author":22,"featured_media":893,"comment_status":"open","ping_status":"open","sticky":false,"template":"","format":"standard","meta":{"footnotes":""},"categories":[10162],"tags":[],"class_list":["post-2421","post","type-post","status-publish","format-standard","has-post-thumbnail","hentry","category-centro-en-la-prensa"],"featured_image_url":"https:\/\/gobierno.udd.cl\/cpp\/files\/2015\/05\/udd_cpp_prensa_340.png","_links":{"self":[{"href":"https:\/\/gobierno.udd.cl\/cpp\/wp-json\/wp\/v2\/posts\/2421","targetHints":{"allow":["GET"]}}],"collection":[{"href":"https:\/\/gobierno.udd.cl\/cpp\/wp-json\/wp\/v2\/posts"}],"about":[{"href":"https:\/\/gobierno.udd.cl\/cpp\/wp-json\/wp\/v2\/types\/post"}],"author":[{"embeddable":true,"href":"https:\/\/gobierno.udd.cl\/cpp\/wp-json\/wp\/v2\/users\/22"}],"replies":[{"embeddable":true,"href":"https:\/\/gobierno.udd.cl\/cpp\/wp-json\/wp\/v2\/comments?post=2421"}],"version-history":[{"count":4,"href":"https:\/\/gobierno.udd.cl\/cpp\/wp-json\/wp\/v2\/posts\/2421\/revisions"}],"predecessor-version":[{"id":2425,"href":"https:\/\/gobierno.udd.cl\/cpp\/wp-json\/wp\/v2\/posts\/2421\/revisions\/2425"}],"wp:featuredmedia":[{"embeddable":true,"href":"https:\/\/gobierno.udd.cl\/cpp\/wp-json\/wp\/v2\/media\/893"}],"wp:attachment":[{"href":"https:\/\/gobierno.udd.cl\/cpp\/wp-json\/wp\/v2\/media?parent=2421"}],"wp:term":[{"taxonomy":"category","embeddable":true,"href":"https:\/\/gobierno.udd.cl\/cpp\/wp-json\/wp\/v2\/categories?post=2421"},{"taxonomy":"post_tag","embeddable":true,"href":"https:\/\/gobierno.udd.cl\/cpp\/wp-json\/wp\/v2\/tags?post=2421"}],"curies":[{"name":"wp","href":"https:\/\/api.w.org\/{rel}","templated":true}]}}