{"id":2413,"date":"2016-11-24T22:51:08","date_gmt":"2016-11-25T01:51:08","guid":{"rendered":"http:\/\/gobierno.udd.cl\/cpp\/?p=2413"},"modified":"2016-11-24T22:51:26","modified_gmt":"2016-11-25T01:51:26","slug":"expertos-estiman-que-revelacion-de-vinculos-de-pinera-con-exalmar-no-afectara-su-candidatura-presidencial-las-ultimas-noticias","status":"publish","type":"post","link":"https:\/\/gobierno.udd.cl\/cpp\/noticias\/2016\/11\/24\/expertos-estiman-que-revelacion-de-vinculos-de-pinera-con-exalmar-no-afectara-su-candidatura-presidencial-las-ultimas-noticias\/","title":{"rendered":"Expertos estiman que revelaci\u00f3n de v\u00ednculos de Pi\u00f1era con Exalmar no afectar\u00e1 su candidatura presidencial &#8211; Las \u00daltimas Noticias"},"content":{"rendered":"<div style=\"text-align: justify;\">\n<p>SANTIAGO.- \u00abYo s\u00e9 que la campa\u00f1a sucia ya empez\u00f3\u00bb, as\u00ed de tajante fue ayer el ex Presidente Sebasti\u00e1n Pi\u00f1era al negar su vinculaci\u00f3n con las inversiones que Bancard, grupo de su propiedad, realiz\u00f3 en la pesquera peruana Exalmar S.A. en medio del diferendo mar\u00edtimo ante La Haya.<\/p>\n<p>La informaci\u00f3n caus\u00f3 reacciones inmediatas en la opini\u00f3n p\u00fablica, as\u00ed mientras Chile Vamos ha salido en su defensa y compartido su tesis de una estrategia electoral para afectar su buen posicionamiento en las encuestas. Desde la Nueva Mayor\u00eda han anunciado una fuerte ofensiva, que incluye comisiones investigadoras e incluso querellas.<\/p>\n<p>Pero m\u00e1s all\u00e1 de las declaraciones cruzadas, expertos coinciden en que la situaci\u00f3n no afectar\u00e1 su eventual candidatura presidencial y que incluso puede reforzar su figura ante su electorado.<\/p>\n<p>As\u00ed, <b>el acad\u00e9mico de la Universidad Central Kenneth Bunker,<\/b> manifest\u00f3 que \u00abesto no va a afectar a Pi\u00f1era por ninguna parte. Yo creo que con todos los esc\u00e1ndalos que ha pasado Pi\u00f1era en su vida privada y pol\u00edtica (&#8230;) desde el caso las acciones de LAN, las Cascadas, con los forwards, con Penta y SQM, nada le afecta, o sea, sigue siendo el candidato que est\u00e1 mejor evaluado en las encuestas de opini\u00f3n p\u00fablica\u00bb.<\/p>\n<p>En ese sentido, Bunker estim\u00f3 que \u00abla gente que vota por Pi\u00f1era est\u00e1 dispuesta a perdonar que \u00e9l est\u00e9 involucrado en algunos negocios a cambio que haga un buen desempe\u00f1o en la econom\u00eda. Si Pi\u00f1era puede prometer, y la gente le cree, que puede producir empleos, mantener la inflaci\u00f3n bajo control y hacer crecer al pa\u00eds, no importa mucho lo que haya hecho antes, sobre todo ahora cuando la econom\u00eda chilena est\u00e1 alica\u00edda (&#8230;) Yo creo que sigue igual de fuerte que siempre\u00bb.<\/p>\n<p>Y agreg\u00f3 que \u00absi existe alguna comisi\u00f3n (investigadora), que creo dif\u00edcil, yo creo que es m\u00e1s ruido que algo concreto, si es que alguien puede ganar con esto, no va a ser la Nueva Mayor\u00eda, porque los votantes de Pi\u00f1era no se van a ir a votar por Lagos o por Guillier, el \u00fanico que podr\u00eda ganar es Ossand\u00f3n\u00bb al tener sustento para primarias.<\/p>\n<p>Asimismo, <b>el acad\u00e9mico de la Facultad de Gobierno de la <span class=\"highlight\">Universidad<\/span> <span class=\"highlight\">del<\/span> <span class=\"highlight\">Desarrollo<\/span> (<span class=\"highlight\">UDD<\/span>), Miguel \u00c1ngel Fern\u00e1ndez,<\/b> explic\u00f3 que no se ver\u00e1n afectadas las opciones del ex Mandatario, porque \u00abel electorado chileno ya ha recibido en los \u00faltimos diez a\u00f1os mucha informaci\u00f3n acerca del Pi\u00f1era empresario, que fue tema candente en la elecci\u00f3n del 2009, y decidi\u00f3 votar por \u00e9l\u00bb, agregando que adem\u00e1s al haber creado un fideicomiso ciego \u00abse deslig\u00f3 del control y manejo de sus empresas\u00bb.<\/p>\n<p>A juicio de Fern\u00e1ndez, \u00ablo \u00fanico que va a hacer esto es que el elector que apoya a Pi\u00f1era va en el fondo a creer que fue una t\u00e1ctica pol\u00edtica de la Nueva Mayor\u00eda y va a reforzar el apoyo a Pi\u00f1era. Y por otro lado, el electorado que no quiere a Sebasti\u00e1n Pi\u00f1era y que nunca va a votar por \u00e9l va a tener una raz\u00f3n m\u00e1s para ello\u00bb.<\/p>\n<p>\u00abPi\u00f1era siempre ha sido el gran emblema de la relaci\u00f3n entre negocios y pol\u00edtica, fue senador en los a\u00f1os 1990 y era empresario al mismo tiempo, despu\u00e9s fue candidato presidencial el 2005, el 2009, fue due\u00f1o de Colo Colo, la marca Pi\u00f1era tiene ligado as\u00ed mismo el factor de empresario y al parecer nunca ha sido un factor relevante para su electorado\u00bb, acot\u00f3.<\/p>\n<p>En relaci\u00f3n al argumento utilizado por el ex Jefe de Estado y tambi\u00e9n por la oposici\u00f3n de la existencia de \u00abuna campa\u00f1a sucia\u00bb en su contra, Bunker coment\u00f3 que \u00abeso es exactamente lo que tiene que hacer, no se puede quedar callado tiene que salir a defenderse, si es campa\u00f1a sucia no lo s\u00e9, me imagino que es parte de la pol\u00edtica que los rivales directos salgan a pegarle\u00bb.<\/p>\n<p>\u00abPi\u00f1era no se va a bajar por algo as\u00ed, ha pasado por esto muchas veces antes y sabe c\u00f3mo lidiar con la situaci\u00f3n, lo que est\u00e1 haciendo Pi\u00f1era ahora es repitiendo todo lo que ha hecho las veces anteriores cuando han salido a pegarle\u00bb, precis\u00f3 el docente de la Universidad Central.<\/p>\n<p>Con ello, Fern\u00e1ndez asever\u00f3 que \u00absi el comienza a apuntar hacia otro lado al decir que es una campa\u00f1a sucia, porque est\u00e1n desesperados, quieren gobernar a cualquier costo, no tienen un proyecto para Chile y quieren denostar a quien tiene un programa, b\u00e1sicamente lo que va a hacer ah\u00ed es movilizar adherentes para \u00e9l\u00bb.<\/p>\n<p>\u00abEn el fondo el queda en la parada de &#8216;yo soy la opci\u00f3n viable y la parada de futuro y ellos est\u00e1n desesperados por aferrarse al poder'\u00bb, concluy\u00f3 el acad\u00e9mico de la <span class=\"highlight\">UDD<\/span>.<\/p>\n<\/div>\n<p style=\"text-align: justify;\">Ver noticia publicada <a href=\"http:\/\/www.emol.com\/noticias\/Nacional\/2016\/11\/15\/831236\/Expertos-estiman-que-revelacion-de-vinculos-de-Pinera-con-Exalmar--no-afectaran-su-eventual-candidatura-presidencial.html\" target=\"_blank\">AQU\u00cd<\/a><\/p>\n","protected":false},"excerpt":{"rendered":"<p>Los analistas creen que la ciudadan\u00eda est\u00e1 acostumbrada a la figura del ex Presidente como empresario y que ante las cr\u00edticas del oficialismo su opci\u00f3n incluso se puede reforzar ante su electorado.<\/p>\n","protected":false},"author":22,"featured_media":893,"comment_status":"open","ping_status":"open","sticky":false,"template":"","format":"standard","meta":{"footnotes":""},"categories":[10162],"tags":[],"class_list":["post-2413","post","type-post","status-publish","format-standard","has-post-thumbnail","hentry","category-centro-en-la-prensa"],"featured_image_url":"https:\/\/gobierno.udd.cl\/cpp\/files\/2015\/05\/udd_cpp_prensa_340.png","_links":{"self":[{"href":"https:\/\/gobierno.udd.cl\/cpp\/wp-json\/wp\/v2\/posts\/2413","targetHints":{"allow":["GET"]}}],"collection":[{"href":"https:\/\/gobierno.udd.cl\/cpp\/wp-json\/wp\/v2\/posts"}],"about":[{"href":"https:\/\/gobierno.udd.cl\/cpp\/wp-json\/wp\/v2\/types\/post"}],"author":[{"embeddable":true,"href":"https:\/\/gobierno.udd.cl\/cpp\/wp-json\/wp\/v2\/users\/22"}],"replies":[{"embeddable":true,"href":"https:\/\/gobierno.udd.cl\/cpp\/wp-json\/wp\/v2\/comments?post=2413"}],"version-history":[{"count":2,"href":"https:\/\/gobierno.udd.cl\/cpp\/wp-json\/wp\/v2\/posts\/2413\/revisions"}],"predecessor-version":[{"id":2415,"href":"https:\/\/gobierno.udd.cl\/cpp\/wp-json\/wp\/v2\/posts\/2413\/revisions\/2415"}],"wp:featuredmedia":[{"embeddable":true,"href":"https:\/\/gobierno.udd.cl\/cpp\/wp-json\/wp\/v2\/media\/893"}],"wp:attachment":[{"href":"https:\/\/gobierno.udd.cl\/cpp\/wp-json\/wp\/v2\/media?parent=2413"}],"wp:term":[{"taxonomy":"category","embeddable":true,"href":"https:\/\/gobierno.udd.cl\/cpp\/wp-json\/wp\/v2\/categories?post=2413"},{"taxonomy":"post_tag","embeddable":true,"href":"https:\/\/gobierno.udd.cl\/cpp\/wp-json\/wp\/v2\/tags?post=2413"}],"curies":[{"name":"wp","href":"https:\/\/api.w.org\/{rel}","templated":true}]}}