{"id":2394,"date":"2016-11-14T22:01:31","date_gmt":"2016-11-15T01:01:31","guid":{"rendered":"http:\/\/gobierno.udd.cl\/cpp\/?p=2394"},"modified":"2016-11-14T22:01:31","modified_gmt":"2016-11-15T01:01:31","slug":"24-lideres-de-opinion-comentaran-en-tiempo-real-las-elecciones-presidenciales-de-ee-uu-el-libero","status":"publish","type":"post","link":"https:\/\/gobierno.udd.cl\/cpp\/noticias\/2016\/11\/14\/24-lideres-de-opinion-comentaran-en-tiempo-real-las-elecciones-presidenciales-de-ee-uu-el-libero\/","title":{"rendered":"24 l\u00edderes de opini\u00f3n comentar\u00e1n en tiempo real las elecciones presidenciales de EE.UU. &#8211; El L\u00edbero"},"content":{"rendered":"<p style=\"text-align: justify;\">A partir de las 16:00 horas de hoy y hasta la medianoche, diversos l\u00edderes de opini\u00f3n y analistas pol\u00edticos dar\u00e1n vida a <strong>#ElChatL\u00edbero<\/strong>, un grupo de Whatsapp especialmente creado en esta ocasi\u00f3n para comentar en tiempo real las elecciones presidenciales de\u00a0EE.UU, donde compiten palmo a palmo <strong>Hillary Clinton<\/strong> y <strong>Donald Trump<\/strong>.<\/p>\n<p style=\"text-align: justify;\">#ElChatL\u00edbero ser\u00e1 una interesante conversaci\u00f3n \u201cabierta al p\u00fablico\u201d que podr\u00e1 ser seguida por todos quienes ingresen a <strong>\u201cEl<\/strong> <strong>L\u00edbero<\/strong>\u201d, en sus distintas plataformas<strong>. <\/strong>Los 24 l\u00edderes de opini\u00f3n y analistas pol\u00edticos\u00a0debatir\u00e1n sobre todo lo que est\u00e9 ocurriendo durante la trascendental jornada que se vivir\u00e1 hoy en EE.UU y sus mensajes se publicar\u00e1n en el\u00a0sitio web de \u201cEl L\u00edbero\u201d y tambi\u00e9n a trav\u00e9s de las redes sociales (twitter y facebook).<\/p>\n<p style=\"text-align: justify;\">Esta es la segunda experiencia de este tipo que realiza \u201cEl L\u00edbero\u201d. La primera vez fue para las Elecciones Municipales de octubre pasado, donde participaron 17 l\u00edderes de opini\u00f3n. En esta oportunidad, se unir\u00e1n a este grupo la soci\u00f3loga y cientista pol\u00edtica, <strong>Luc\u00eda Dammert<\/strong>; la\u00a0decana de la facultad de periodismo de la UAI, <strong>Marily L\u00fcders<\/strong>; el cientista pol\u00edtico, <strong>Robert Funk<\/strong>; el abogado y consultor <strong>Roberto Munita<\/strong>; la directora de la fundaci\u00f3n Red de Alta Direcci\u00f3n, <strong>Claudia Bobadilla<\/strong>; la abogado <strong>Eleonora Urrutia<\/strong>; la investigadora <strong>M\u00f3nica Mullor<\/strong>; la directora del Centro de Pol\u00edticas P\u00fablicas de la <span class=\"highlight\">UDD<\/span>, <strong>Francisca Dussaillant<\/strong>; la fundadora de Makers Liderazgo Femenino, <strong>M\u00f3nica Reyes<\/strong>, y el m\u00e1ster en pol\u00edticas p\u00fablicas de la Universidad de Chicago, <strong>\u00c1lvaro Bellolio<\/strong>.<\/p>\n<p style=\"text-align: justify;\">Adem\u00e1s de ellos, y al igual que para las Municipales, participar\u00e1n en #ElChatL\u00edbero, <strong>Carlos Correa<\/strong> (ex subdirector de la SECOM), <strong>Claudio Fuentes<\/strong> (UDP), <strong>Cristi\u00e1n Larroulet<\/strong> (Ex ministro), <strong>Luis Larra\u00edn<\/strong> (Foro L\u00edbero), <strong>Felipe Morand\u00e9<\/strong> (Ex ministro), <strong>Gonzalo Muller<\/strong> (<span class=\"highlight\">UDD<\/span>), <strong>Jos\u00e9 Ram\u00f3n Valente<\/strong> (Foro L\u00edbero), <strong>Juan Ignacio Brito<\/strong> (U. Los Andes), <strong>Leonidas Montes<\/strong> (UAI), <strong>Max Colodro<\/strong> (UAI), <strong>Patricio Navia<\/strong> (Foro L\u00edbero), <strong>Roberto Izikson<\/strong> (CADEM), <strong>Sebasti\u00e1n Sichel<\/strong> (Ciudadanos), y <strong>Eduardo Sep\u00falveda<\/strong> (Director de El L\u00edbero).<\/p>\n<p style=\"text-align: justify;\">\n<p style=\"text-align: justify;\">Ver nota publicada <a href=\"http:\/\/ellibero.cl\/actualidad\/elchatlibero-lideres-de-opinion-comentaran-en-tiempo-real-las-elecciones-presidenciales-de-ee-uu\/\" target=\"_blank\">AQU\u00cd<\/a><\/p>\n","protected":false},"excerpt":{"rendered":"<p>A partir de las 16:00 horas de hoy y hasta la medianoche, diversos l\u00edderes de opini\u00f3n y analistas pol\u00edticos dar\u00e1n vida a #ElChatL\u00edbero, un grupo de Whatsapp especialmente creado en esta ocasi\u00f3n para comentar en tiempo real las elecciones presidenciales de\u00a0EE.UU, donde compiten palmo a palmo Hillary Clinton y Donald Trump. #ElChatL\u00edbero ser\u00e1 una interesante [&hellip;]<\/p>\n","protected":false},"author":22,"featured_media":893,"comment_status":"open","ping_status":"open","sticky":false,"template":"","format":"standard","meta":{"footnotes":""},"categories":[10162],"tags":[],"class_list":["post-2394","post","type-post","status-publish","format-standard","has-post-thumbnail","hentry","category-centro-en-la-prensa"],"featured_image_url":"https:\/\/gobierno.udd.cl\/cpp\/files\/2015\/05\/udd_cpp_prensa_340.png","_links":{"self":[{"href":"https:\/\/gobierno.udd.cl\/cpp\/wp-json\/wp\/v2\/posts\/2394","targetHints":{"allow":["GET"]}}],"collection":[{"href":"https:\/\/gobierno.udd.cl\/cpp\/wp-json\/wp\/v2\/posts"}],"about":[{"href":"https:\/\/gobierno.udd.cl\/cpp\/wp-json\/wp\/v2\/types\/post"}],"author":[{"embeddable":true,"href":"https:\/\/gobierno.udd.cl\/cpp\/wp-json\/wp\/v2\/users\/22"}],"replies":[{"embeddable":true,"href":"https:\/\/gobierno.udd.cl\/cpp\/wp-json\/wp\/v2\/comments?post=2394"}],"version-history":[{"count":1,"href":"https:\/\/gobierno.udd.cl\/cpp\/wp-json\/wp\/v2\/posts\/2394\/revisions"}],"predecessor-version":[{"id":2395,"href":"https:\/\/gobierno.udd.cl\/cpp\/wp-json\/wp\/v2\/posts\/2394\/revisions\/2395"}],"wp:featuredmedia":[{"embeddable":true,"href":"https:\/\/gobierno.udd.cl\/cpp\/wp-json\/wp\/v2\/media\/893"}],"wp:attachment":[{"href":"https:\/\/gobierno.udd.cl\/cpp\/wp-json\/wp\/v2\/media?parent=2394"}],"wp:term":[{"taxonomy":"category","embeddable":true,"href":"https:\/\/gobierno.udd.cl\/cpp\/wp-json\/wp\/v2\/categories?post=2394"},{"taxonomy":"post_tag","embeddable":true,"href":"https:\/\/gobierno.udd.cl\/cpp\/wp-json\/wp\/v2\/tags?post=2394"}],"curies":[{"name":"wp","href":"https:\/\/api.w.org\/{rel}","templated":true}]}}