{"id":2390,"date":"2016-11-14T21:59:15","date_gmt":"2016-11-15T00:59:15","guid":{"rendered":"http:\/\/gobierno.udd.cl\/cpp\/?p=2390"},"modified":"2016-11-14T21:59:35","modified_gmt":"2016-11-15T00:59:35","slug":"ley-de-lobby-los-10-alcaldes-que-mas-audiencias-transparentan-fueron-reelectos-la-segunda","status":"publish","type":"post","link":"https:\/\/gobierno.udd.cl\/cpp\/noticias\/2016\/11\/14\/ley-de-lobby-los-10-alcaldes-que-mas-audiencias-transparentan-fueron-reelectos-la-segunda\/","title":{"rendered":"Ley de Lobby: los 10 alcaldes que m\u00e1s audiencias transparentan fueron reelectos &#8211; La Segunda"},"content":{"rendered":"<p style=\"text-align: justify;\">En el ranking de los diez alcaldes que m\u00e1s audiencias declaran desde el inicio de la Ley de Lobby (agosto 2015), el 100% de ellos fue reelecto en las \u00faltimas municipales. En el sitio infolobby.cl, el portal del Consejo para la Transparencia, aparece un resumen de viajes, regalos y audiencias que declaran tanto organismos como autoridades p\u00fablicas.<\/p>\n<p style=\"text-align: justify;\">Y seg\u00fan los datos del sitio web, la jefa municipal que m\u00e1s reuniones transparenta es la alcaldesa de Teno, Sandra Valenzuela (UDI), con 3.312 audiencias. En las \u00faltimas elecciones, Valenzuela fue reelecta con el 68,9% de los votos en su comuna.<\/p>\n<p style=\"text-align: justify;\">En el cruce de informaci\u00f3n hecho por La Segunda, aparece un patr\u00f3n de reelecci\u00f3n, que se repite dentro de los alcaldes en el ranking. El segundo con m\u00e1s audiencias declaradas, Ren\u00e9 Mardones, fue reelecto en la comuna de San Esteban con un 50,8% de las preferencias. Mardones declar\u00f3 1.708 reuniones.<\/p>\n<p style=\"text-align: justify;\">Asimismo, fueron reelectos todos los alcaldes con m\u00e1s de 893 audiencias declaradas.<\/p>\n<p>Esto pas\u00f3 en las comunas de Quilicura, Curacav\u00ed, San Nicol\u00e1s, Pumanque, \u00d1iqu\u00e9n, Pichilemu, Villa Alemana y Curepto, adem\u00e1s de las mencionadas Teno y San Esteban (ver infograf\u00eda).<\/p>\n<p style=\"text-align: justify;\">Que los alcaldes transparenten esta informaci\u00f3n permite a la ciudadan\u00eda conocer con qui\u00e9nes se re\u00fanen y saber cu\u00e1les son los temas que se tratan en aquellas reuniones.<\/p>\n<p style=\"text-align: justify;\"><strong>\u00bfEntre m\u00e1s transparentes, m\u00e1s reelectos?<\/strong><\/p>\n<p style=\"text-align: justify;\">Ampliando el espectro del ranking: de los 50 alcaldes que m\u00e1s audiencias declara, 46 buscaron la reelecci\u00f3n. De estos, 37 fueron electos, lo que equivale a un 80%.<\/p>\n<p style=\"text-align: justify;\">La cifra crece cuando se toma como muestra a los 20 jefes comunales que m\u00e1s reuniones informa. 19 buscaron la reelecci\u00f3n y 16 ganaron, lo que significa el 84%.<\/p>\n<p style=\"text-align: justify;\">A modo de comparaci\u00f3n, seg\u00fan datos de la <span class=\"highlight\">Universidad<\/span> <span class=\"highlight\">del<\/span> <span class=\"highlight\">Desarrollo<\/span>, dentro del total de alcaldes que fue la reelecci\u00f3n, s\u00f3lo gan\u00f3 el 73%.<\/p>\n<p style=\"text-align: justify;\">\n<p style=\"text-align: justify;\">Ver nota publicada:<\/p>\n<p style=\"text-align: justify;\"><a href=\"https:\/\/goo.gl\/R38O1M\" target=\"_blank\" rel=\"attachment wp-att-2391\"><img loading=\"lazy\" decoding=\"async\" class=\"aligncenter size-medium wp-image-2391\" src=\"http:\/\/gobierno.udd.cl\/cpp\/files\/2016\/11\/la_segunda_20161114_1-231x300.jpg\" alt=\"la_segunda_20161114_1\" width=\"231\" height=\"300\" srcset=\"https:\/\/gobierno.udd.cl\/cpp\/files\/2016\/11\/la_segunda_20161114_1-231x300.jpg 231w, https:\/\/gobierno.udd.cl\/cpp\/files\/2016\/11\/la_segunda_20161114_1-768x995.jpg 768w, https:\/\/gobierno.udd.cl\/cpp\/files\/2016\/11\/la_segunda_20161114_1-790x1024.jpg 790w, https:\/\/gobierno.udd.cl\/cpp\/files\/2016\/11\/la_segunda_20161114_1-741x960.jpg 741w, https:\/\/gobierno.udd.cl\/cpp\/files\/2016\/11\/la_segunda_20161114_1.jpg 1280w\" sizes=\"auto, (max-width: 231px) 100vw, 231px\" \/><\/a><\/p>\n","protected":false},"excerpt":{"rendered":"<p>En el ranking de los diez alcaldes que m\u00e1s audiencias declaran desde el inicio de la Ley de Lobby (agosto 2015), el 100% de ellos fue reelecto en las \u00faltimas municipales. En el sitio infolobby.cl, el portal del Consejo para la Transparencia, aparece un resumen de viajes, regalos y audiencias que declaran tanto organismos como [&hellip;]<\/p>\n","protected":false},"author":22,"featured_media":893,"comment_status":"open","ping_status":"open","sticky":false,"template":"","format":"standard","meta":{"footnotes":""},"categories":[10162],"tags":[],"class_list":["post-2390","post","type-post","status-publish","format-standard","has-post-thumbnail","hentry","category-centro-en-la-prensa"],"featured_image_url":"https:\/\/gobierno.udd.cl\/cpp\/files\/2015\/05\/udd_cpp_prensa_340.png","_links":{"self":[{"href":"https:\/\/gobierno.udd.cl\/cpp\/wp-json\/wp\/v2\/posts\/2390","targetHints":{"allow":["GET"]}}],"collection":[{"href":"https:\/\/gobierno.udd.cl\/cpp\/wp-json\/wp\/v2\/posts"}],"about":[{"href":"https:\/\/gobierno.udd.cl\/cpp\/wp-json\/wp\/v2\/types\/post"}],"author":[{"embeddable":true,"href":"https:\/\/gobierno.udd.cl\/cpp\/wp-json\/wp\/v2\/users\/22"}],"replies":[{"embeddable":true,"href":"https:\/\/gobierno.udd.cl\/cpp\/wp-json\/wp\/v2\/comments?post=2390"}],"version-history":[{"count":2,"href":"https:\/\/gobierno.udd.cl\/cpp\/wp-json\/wp\/v2\/posts\/2390\/revisions"}],"predecessor-version":[{"id":2393,"href":"https:\/\/gobierno.udd.cl\/cpp\/wp-json\/wp\/v2\/posts\/2390\/revisions\/2393"}],"wp:featuredmedia":[{"embeddable":true,"href":"https:\/\/gobierno.udd.cl\/cpp\/wp-json\/wp\/v2\/media\/893"}],"wp:attachment":[{"href":"https:\/\/gobierno.udd.cl\/cpp\/wp-json\/wp\/v2\/media?parent=2390"}],"wp:term":[{"taxonomy":"category","embeddable":true,"href":"https:\/\/gobierno.udd.cl\/cpp\/wp-json\/wp\/v2\/categories?post=2390"},{"taxonomy":"post_tag","embeddable":true,"href":"https:\/\/gobierno.udd.cl\/cpp\/wp-json\/wp\/v2\/tags?post=2390"}],"curies":[{"name":"wp","href":"https:\/\/api.w.org\/{rel}","templated":true}]}}